{"id":3024,"date":"2017-12-05T10:46:45","date_gmt":"2017-12-05T12:46:45","guid":{"rendered":"http:\/\/macneeds.com.br\/?p=3024"},"modified":"2023-05-03T16:18:04","modified_gmt":"2023-05-03T19:18:04","slug":"macneeds-e-premiada-na-categoria-internet","status":"publish","type":"post","link":"https:\/\/macneeds.com.br\/site\/2017\/12\/05\/macneeds-e-premiada-na-categoria-internet\/","title":{"rendered":"MacNeeds \u00e9 Premiada na Categoria Internet"},"content":{"rendered":"<p>Neste dia 1 de Dezembro ocorreu no interior do Estado de S\u00e3o Paulo a premia\u00e7\u00e3o anual de propaganda realizada pela RECALL.<\/p>\n<p>Os jurados da 17\u00aa edi\u00e7\u00e3o do Pr\u00eamio Recall de Cria\u00e7\u00e3o Publicit\u00e1ria selecionaram pe\u00e7as de 32 ag\u00eancias, de 19 cidades do interior e litoral paulistas, para o short-list. E os vencedores das nove categorias foram conhecidos na noite de 1\u00ba de dezembro, em Ribeir\u00e3o Preto. Como a tem\u00e1tica deste ano s\u00e3o as artes circenses, nada mais convidativo do que realizar o evento em um local que remeta ao tema, por isso, a festa de premia\u00e7\u00e3o aconteceu na Cidade do Circo.<\/p>\n<p>A an\u00e1lise das pe\u00e7as pelo j\u00fari, que neste ano foi composto pelos renomados publicit\u00e1rios Carlos Righi, C\u00e1ssio Zanatta, Giba Lages e Luiz Toledo, levou em considera\u00e7\u00e3o a ideia, a criatividade, e premiou a MacNeeds propaganda na categoria INTERNET pela cria\u00e7\u00e3o da a\u00e7\u00e3o Joe &amp; Leo\u2019s novo card\u00e1pio.<\/p>\n<p>Na campanha a ag\u00eancia criou uma a\u00e7\u00e3o em formato de not\u00edcia no portal da Globo, que reportava o caso de um jornalista que abandona uma transmiss\u00e3o ao vivo ao se deparar com a not\u00edcia que estava narrando: Joe &amp; Leos lan\u00e7a novo card\u00e1pio.<\/p>\n<p>O Pr\u00eamio Recall conta com o apoio da ABAP (Associa\u00e7\u00e3o Brasileira de Ag\u00eancias de Publicidade).<\/p>\n<p>&nbsp;<\/p>\n<p><strong>Confira a pe\u00e7a no link abaixo:<\/strong><br \/>\n<a href=\"http:\/\/g1.globo.com\/sp\/campinas-regiao\/especial-publicitario\/joe-e-leos\/noticia\/2017\/05\/jornalista-abandona-estudio-durante-transmissao-ao-vivo-e-causa-tumulto-na-cidade.html\">Clique Aqui!<\/a><\/p>\n","protected":false},"excerpt":{"rendered":"<p>Neste dia 1 de Dezembro ocorreu no interior do Estado de S\u00e3o Paulo a premia\u00e7\u00e3o anual de propaganda realizada pela<span class=\"excerpt-hellip\"> [\u2026]<\/span><\/p>\n","protected":false},"author":1,"featured_media":4317,"comment_status":"open","ping_status":"open","sticky":false,"template":"","format":"standard","meta":{"footnotes":""},"categories":[1],"tags":[],"class_list":["post-3024","post","type-post","status-publish","format-standard","has-post-thumbnail","hentry","category-blog"],"_links":{"self":[{"href":"https:\/\/macneeds.com.br\/site\/wp-json\/wp\/v2\/posts\/3024","targetHints":{"allow":["GET"]}}],"collection":[{"href":"https:\/\/macneeds.com.br\/site\/wp-json\/wp\/v2\/posts"}],"about":[{"href":"https:\/\/macneeds.com.br\/site\/wp-json\/wp\/v2\/types\/post"}],"author":[{"embeddable":true,"href":"https:\/\/macneeds.com.br\/site\/wp-json\/wp\/v2\/users\/1"}],"replies":[{"embeddable":true,"href":"https:\/\/macneeds.com.br\/site\/wp-json\/wp\/v2\/comments?post=3024"}],"version-history":[{"count":0,"href":"https:\/\/macneeds.com.br\/site\/wp-json\/wp\/v2\/posts\/3024\/revisions"}],"wp:featuredmedia":[{"embeddable":true,"href":"https:\/\/macneeds.com.br\/site\/wp-json\/wp\/v2\/media\/4317"}],"wp:attachment":[{"href":"https:\/\/macneeds.com.br\/site\/wp-json\/wp\/v2\/media?parent=3024"}],"wp:term":[{"taxonomy":"category","embeddable":true,"href":"https:\/\/macneeds.com.br\/site\/wp-json\/wp\/v2\/categories?post=3024"},{"taxonomy":"post_tag","embeddable":true,"href":"https:\/\/macneeds.com.br\/site\/wp-json\/wp\/v2\/tags?post=3024"}],"curies":[{"name":"wp","href":"https:\/\/api.w.org\/{rel}","templated":true}]}}