{"id":3062,"date":"2018-05-29T09:26:16","date_gmt":"2018-05-29T12:26:16","guid":{"rendered":"http:\/\/macneeds.com.br\/?p=3062"},"modified":"2023-05-03T16:13:37","modified_gmt":"2023-05-03T19:13:37","slug":"minha-empresa-deveria-fazer-acoes-sociais","status":"publish","type":"post","link":"https:\/\/macneeds.com.br\/site\/2018\/05\/29\/minha-empresa-deveria-fazer-acoes-sociais\/","title":{"rendered":"Minha empresa deveria fazer a\u00e7\u00f5es sociais?"},"content":{"rendered":"<p>A MacNeeds propaganda atende anualmente dezenas de empresas e faz milhares de a\u00e7\u00f5es. Dentre esse montante surgem quest\u00f5es diversas e estrat\u00e9gias in\u00fameras de comunica\u00e7\u00e3o, vendas ou conscientiza\u00e7\u00e3o. Entre elas, est\u00e3o as a\u00e7\u00f5es sociais.<\/p>\n<p>Sempre em n\u00famero bem reduzido ou quase inexistente, as iniciativas de apoio a causas sociais e entidades assistenciais de diversos setores, s\u00e3o terreno complicado&#8230;<\/p>\n<p>Este m\u00eas estamos produzindo diversos projetos desse g\u00eanero. Campanha de arrecada\u00e7\u00e3o de agasalhos, inclus\u00e3o de portadores de necessidades especiais, reformas de pr\u00e9dios carentes necessitados, aux\u00edlio ao Lar da Crian\u00e7a Feliz, ao Lar dos Velhinhos, al\u00e9m de outras a\u00e7\u00f5es de doa\u00e7\u00e3o de roupas e alimentos em cidades da regi\u00e3o.<\/p>\n<p>A caracter\u00edstica comum entre eles \u00e9 que \u00e9 sempre muito dif\u00edcil de conseguir ajuda. Quem levanta uma bandeira a ser defendida vai precisar contar com a boa vontade de volunt\u00e1rios, contar com a ades\u00e3o da popula\u00e7\u00e3o e ainda o aux\u00edlio de empresas, profissionais, amigos e quem mais puder contribuir com qualquer coisa que seja.<\/p>\n<p>Ent\u00e3o fica a pergunta inicial: minha empresa deveria fazer a\u00e7\u00f5es dessa natureza?<\/p>\n<p>Talvez a resposta est\u00e1 mais ligada ao motivo disso.<\/p>\n<p>Se voc\u00ea for escolher uma causa para fazer a\u00e7\u00f5es de aux\u00edlio somente para constar como uma empresa respons\u00e1vel e que pensa responsavelmente na sociedade, na cidade, nos animais ou no planeta, estar\u00e1 s\u00f3 fazendo para sua imagem de mercado e n\u00e3o de fato para esses objetivos de fato.<\/p>\n<p>\u00c9 claro que traz benef\u00edcio para a imagem da sua marca quando voc\u00ea apoia alguma causa. Mas o verdadeiro motivo pelo qual toda empresa deveria faz\u00ea-lo \u00e9 por que \u00e9 preciso.<\/p>\n<p>S\u00e3o milhares de neg\u00f3cios pelo pa\u00eds, movimentando a economia e vivendo gra\u00e7as ao mercado e \u00e0 sociedade onde est\u00e1 inserida, nada melhor e mais l\u00f3gico do que ajudar, no que puder, as pessoas e a cidade que comp\u00f5e sua \u00e1rea de influ\u00eancia a terem melhores condi\u00e7\u00f5es e menos desigualdade.<br \/>\nImagine se cada empresa tivesse uma pequena a\u00e7\u00e3o nesse sentido, a diferen\u00e7a que faria no Pa\u00eds.<\/p>\n<p>Se cada empresa adotasse uma entidade carente, uma pra\u00e7a, uma causa. A\u00ed sim far\u00edamos mais do que melhorar a imagem da marca, melhorar\u00edamos o prop\u00f3sito de existir os nossos neg\u00f3cios.<\/p>\n","protected":false},"excerpt":{"rendered":"<p>A MacNeeds propaganda atende anualmente dezenas de empresas e faz milhares de a\u00e7\u00f5es. Dentre esse montante surgem quest\u00f5es diversas e<span class=\"excerpt-hellip\"> [\u2026]<\/span><\/p>\n","protected":false},"author":1,"featured_media":4323,"comment_status":"open","ping_status":"open","sticky":false,"template":"","format":"standard","meta":{"footnotes":""},"categories":[1],"tags":[],"class_list":["post-3062","post","type-post","status-publish","format-standard","has-post-thumbnail","hentry","category-blog"],"_links":{"self":[{"href":"https:\/\/macneeds.com.br\/site\/wp-json\/wp\/v2\/posts\/3062","targetHints":{"allow":["GET"]}}],"collection":[{"href":"https:\/\/macneeds.com.br\/site\/wp-json\/wp\/v2\/posts"}],"about":[{"href":"https:\/\/macneeds.com.br\/site\/wp-json\/wp\/v2\/types\/post"}],"author":[{"embeddable":true,"href":"https:\/\/macneeds.com.br\/site\/wp-json\/wp\/v2\/users\/1"}],"replies":[{"embeddable":true,"href":"https:\/\/macneeds.com.br\/site\/wp-json\/wp\/v2\/comments?post=3062"}],"version-history":[{"count":0,"href":"https:\/\/macneeds.com.br\/site\/wp-json\/wp\/v2\/posts\/3062\/revisions"}],"wp:featuredmedia":[{"embeddable":true,"href":"https:\/\/macneeds.com.br\/site\/wp-json\/wp\/v2\/media\/4323"}],"wp:attachment":[{"href":"https:\/\/macneeds.com.br\/site\/wp-json\/wp\/v2\/media?parent=3062"}],"wp:term":[{"taxonomy":"category","embeddable":true,"href":"https:\/\/macneeds.com.br\/site\/wp-json\/wp\/v2\/categories?post=3062"},{"taxonomy":"post_tag","embeddable":true,"href":"https:\/\/macneeds.com.br\/site\/wp-json\/wp\/v2\/tags?post=3062"}],"curies":[{"name":"wp","href":"https:\/\/api.w.org\/{rel}","templated":true}]}}