{"id":3084,"date":"2018-09-17T15:10:08","date_gmt":"2018-09-17T18:10:08","guid":{"rendered":"http:\/\/macneeds.com.br\/?p=3084"},"modified":"2023-05-03T16:13:00","modified_gmt":"2023-05-03T19:13:00","slug":"mostra-sustentavel-na-macneeds","status":"publish","type":"post","link":"https:\/\/macneeds.com.br\/site\/2018\/09\/17\/mostra-sustentavel-na-macneeds\/","title":{"rendered":"Mostra + Sustent\u00e1vel na MacNeeds"},"content":{"rendered":"<div style=\"width: 1220px;\" class=\"wp-video\"><video class=\"wp-video-shortcode\" id=\"video-3084-1\" width=\"1220\" height=\"686\" preload=\"metadata\" controls=\"controls\"><source type=\"video\/mp4\" src=\"http:\/\/macneeds.com.br\/wp-content\/uploads\/2018\/09\/video-ambientes-e-profissionais-1-min.mp4?_=1\" \/><a href=\"http:\/\/macneeds.com.br\/wp-content\/uploads\/2018\/09\/video-ambientes-e-profissionais-1-min.mp4\">http:\/\/macneeds.com.br\/wp-content\/uploads\/2018\/09\/video-ambientes-e-profissionais-1-min.mp4<\/a><\/video><\/div>\n<p>&nbsp;<\/p>\n<p>A Mostra \u00e9 um evento de arquitetura e decora\u00e7\u00e3o que tem como objetivo deixar um legado social positivo, gerar bons neg\u00f3cios aos profissionais e empresas envolvidos e incorporar conceitos e atitudes sustent\u00e1veis ao cotidiano de seus visitantes. A edi\u00e7\u00e3o 2018 est\u00e1 sendo realizada no Servi\u00e7o de Sa\u00fade Dr. C\u00e2ndido Ferreira, e toda a reforma e revitaliza\u00e7\u00e3o ser\u00e1 em benef\u00edcio da institui\u00e7\u00e3o.<\/p>\n<p>A MacNeeds se orgulha em fazer parte desse projeto que vai al\u00e9m da simples exposi\u00e7\u00e3o de id\u00e9ias e conceitos, e deixa uma nova esperan\u00e7a para as institui\u00e7\u00f5es por onde passa. Al\u00e9m de restaurar e reformar os im\u00f3veis com todo o cuidado e muito esfor\u00e7o, a Mostra + Sustent\u00e1vel prova que existem muitos profissionais e empresas, com o cora\u00e7\u00e3o pronto a ajudar aqueles que precisam, mesmo que custe muito tempo e dedica\u00e7\u00e3o.<\/p>\n<p>Confira um, dos mais de 15 v\u00eddeos preparados pela MacNeeds para essa divulga\u00e7\u00e3o.<\/p>\n","protected":false},"excerpt":{"rendered":"<p>&nbsp; A Mostra \u00e9 um evento de arquitetura e decora\u00e7\u00e3o que tem como objetivo deixar um legado social positivo, gerar<span class=\"excerpt-hellip\"> [\u2026]<\/span><\/p>\n","protected":false},"author":1,"featured_media":4325,"comment_status":"open","ping_status":"open","sticky":false,"template":"","format":"standard","meta":{"footnotes":""},"categories":[1],"tags":[],"class_list":["post-3084","post","type-post","status-publish","format-standard","has-post-thumbnail","hentry","category-blog"],"_links":{"self":[{"href":"https:\/\/macneeds.com.br\/site\/wp-json\/wp\/v2\/posts\/3084","targetHints":{"allow":["GET"]}}],"collection":[{"href":"https:\/\/macneeds.com.br\/site\/wp-json\/wp\/v2\/posts"}],"about":[{"href":"https:\/\/macneeds.com.br\/site\/wp-json\/wp\/v2\/types\/post"}],"author":[{"embeddable":true,"href":"https:\/\/macneeds.com.br\/site\/wp-json\/wp\/v2\/users\/1"}],"replies":[{"embeddable":true,"href":"https:\/\/macneeds.com.br\/site\/wp-json\/wp\/v2\/comments?post=3084"}],"version-history":[{"count":0,"href":"https:\/\/macneeds.com.br\/site\/wp-json\/wp\/v2\/posts\/3084\/revisions"}],"wp:featuredmedia":[{"embeddable":true,"href":"https:\/\/macneeds.com.br\/site\/wp-json\/wp\/v2\/media\/4325"}],"wp:attachment":[{"href":"https:\/\/macneeds.com.br\/site\/wp-json\/wp\/v2\/media?parent=3084"}],"wp:term":[{"taxonomy":"category","embeddable":true,"href":"https:\/\/macneeds.com.br\/site\/wp-json\/wp\/v2\/categories?post=3084"},{"taxonomy":"post_tag","embeddable":true,"href":"https:\/\/macneeds.com.br\/site\/wp-json\/wp\/v2\/tags?post=3084"}],"curies":[{"name":"wp","href":"https:\/\/api.w.org\/{rel}","templated":true}]}}