{"id":3091,"date":"2018-10-15T13:12:52","date_gmt":"2018-10-15T16:12:52","guid":{"rendered":"http:\/\/macneeds.com.br\/?p=3091"},"modified":"2023-05-03T16:12:41","modified_gmt":"2023-05-03T19:12:41","slug":"portifolio-garcia-de-lima","status":"publish","type":"post","link":"https:\/\/macneeds.com.br\/site\/2018\/10\/15\/portifolio-garcia-de-lima\/","title":{"rendered":"Portif\u00f3lio Garcia de lima"},"content":{"rendered":"<p>O escrit\u00f3rio De Lima advogados acaba de completar 25 anos de vida e contou com uma reformula\u00e7\u00e3o total pela MacNeeds propaganda. Agora o escrit\u00f3rio passa a se chamar Garcia de Lima sociedade de advogados e recebeu uma nova identidade visual, desde logomarca at\u00e9 o site. A sede foi redecorada com novas cores e letreiro para acompanhar o novo padr\u00e3o.<\/p>\n<p>Para coroar as novidades, foi realizada uma festa celebrando os 25 anos da empresa, onde foi entregue o novo portif\u00f3lio criado pela ag\u00eancia. A pe\u00e7a foi criada costurando imagens s\u00f3lidas e atemporais, que representam hist\u00f3ria, batalhas, estrat\u00e9gia e uma linha de defesa aos interesses dos clientes.<\/p>\n<p>Confira no v\u00eddeo a pe\u00e7a, que contempla tamb\u00e9m a vers\u00e3o em l\u00edngua inglesa.<\/p>\n<div style=\"width: 1220px;\" class=\"wp-video\"><video class=\"wp-video-shortcode\" id=\"video-3091-1\" width=\"1220\" height=\"664\" preload=\"metadata\" controls=\"controls\"><source type=\"video\/mp4\" src=\"http:\/\/macneeds.com.br\/wp-content\/uploads\/2018\/10\/portifolio-garcia.mp4?_=1\" \/><a href=\"http:\/\/macneeds.com.br\/wp-content\/uploads\/2018\/10\/portifolio-garcia.mp4\">http:\/\/macneeds.com.br\/wp-content\/uploads\/2018\/10\/portifolio-garcia.mp4<\/a><\/video><\/div>\n<p>&nbsp;<\/p>\n<div class=\"column one-fourth mobile-one\"><div class=\"mcb-column-inner\"><img fetchpriority=\"high\" decoding=\"async\" class=\"alignnone size-full wp-image-3108\" src=\"http:\/\/macneeds.com.br\/wp-content\/uploads\/2018\/10\/PA1_2203.jpg\" alt=\"\" width=\"1500\" height=\"994\"><\/div><\/div>\n\n<div class=\"column one-fourth mobile-one\"><div class=\"mcb-column-inner\"><img decoding=\"async\" class=\"alignnone size-full wp-image-3105\" src=\"http:\/\/macneeds.com.br\/wp-content\/uploads\/2018\/10\/PA1_2103.jpg\" alt=\"\" width=\"1500\" height=\"994\"><\/div><\/div>\n\n<div class=\"column one-fourth mobile-one\"><div class=\"mcb-column-inner\"><img decoding=\"async\" class=\"alignnone size-full wp-image-3104\" src=\"http:\/\/macneeds.com.br\/wp-content\/uploads\/2018\/10\/PA1_2098.jpg\" alt=\"\" width=\"1500\" height=\"994\"><\/div><\/div>\n\n<div class=\"column one-fourth mobile-one\"><div class=\"mcb-column-inner\"><img loading=\"lazy\" decoding=\"async\" class=\"alignnone size-full wp-image-3109\" src=\"http:\/\/macneeds.com.br\/wp-content\/uploads\/2018\/10\/PA1_2210.jpg\" alt=\"\" width=\"1500\" height=\"994\"><\/div><\/div>\n\n<p>&nbsp;<\/p>\n<p>&nbsp;<\/p>\n","protected":false},"excerpt":{"rendered":"<p>O escrit\u00f3rio De Lima advogados acaba de completar 25 anos de vida e contou com uma reformula\u00e7\u00e3o total pela MacNeeds<span class=\"excerpt-hellip\"> [\u2026]<\/span><\/p>\n","protected":false},"author":1,"featured_media":4326,"comment_status":"open","ping_status":"open","sticky":false,"template":"","format":"standard","meta":{"footnotes":""},"categories":[1],"tags":[],"class_list":["post-3091","post","type-post","status-publish","format-standard","has-post-thumbnail","hentry","category-blog"],"_links":{"self":[{"href":"https:\/\/macneeds.com.br\/site\/wp-json\/wp\/v2\/posts\/3091","targetHints":{"allow":["GET"]}}],"collection":[{"href":"https:\/\/macneeds.com.br\/site\/wp-json\/wp\/v2\/posts"}],"about":[{"href":"https:\/\/macneeds.com.br\/site\/wp-json\/wp\/v2\/types\/post"}],"author":[{"embeddable":true,"href":"https:\/\/macneeds.com.br\/site\/wp-json\/wp\/v2\/users\/1"}],"replies":[{"embeddable":true,"href":"https:\/\/macneeds.com.br\/site\/wp-json\/wp\/v2\/comments?post=3091"}],"version-history":[{"count":0,"href":"https:\/\/macneeds.com.br\/site\/wp-json\/wp\/v2\/posts\/3091\/revisions"}],"wp:featuredmedia":[{"embeddable":true,"href":"https:\/\/macneeds.com.br\/site\/wp-json\/wp\/v2\/media\/4326"}],"wp:attachment":[{"href":"https:\/\/macneeds.com.br\/site\/wp-json\/wp\/v2\/media?parent=3091"}],"wp:term":[{"taxonomy":"category","embeddable":true,"href":"https:\/\/macneeds.com.br\/site\/wp-json\/wp\/v2\/categories?post=3091"},{"taxonomy":"post_tag","embeddable":true,"href":"https:\/\/macneeds.com.br\/site\/wp-json\/wp\/v2\/tags?post=3091"}],"curies":[{"name":"wp","href":"https:\/\/api.w.org\/{rel}","templated":true}]}}