{"id":3173,"date":"2019-02-21T09:14:06","date_gmt":"2019-02-21T12:14:06","guid":{"rendered":"http:\/\/macneeds.com.br\/?p=3173"},"modified":"2023-05-03T16:07:12","modified_gmt":"2023-05-03T19:07:12","slug":"frontlight-hansa","status":"publish","type":"post","link":"https:\/\/macneeds.com.br\/site\/2019\/02\/21\/frontlight-hansa\/","title":{"rendered":"FrontLight Hansa"},"content":{"rendered":"\n<p class=\"wp-block-paragraph\">A MacNeeds sempre foi f\u00e3 da m\u00eddia exterior. Uma campanha sem ela n\u00e3o fica completa.&nbsp; No ar agora, frontlight Hansa ilumina\u00e7\u00e3o. Estrategicamente instalado no caminho entre a Tok&amp;Stok e o Leroy Merlin, por onde passa grande parte dos clientes potenciais que est\u00e3o construindo, decorando ou reformando.<br> Al\u00e9m do posicionamento entre concorrentes, a regi\u00e3o \u00e9 local de passagem para moradores de diversos condom\u00ednios de Campinas e Sousas e faz a marca Hansa entrar para o itiner\u00e1rio de milhares de fam\u00edlias que circulam por ali.<\/p>\n\n\n\n<p class=\"wp-block-paragraph\">Uma andorinha s\u00f3 n\u00e3o faz ver\u00e3o,\npor isso a estrat\u00e9gia de comunica\u00e7\u00e3o Hansa tamb\u00e9m conta com an\u00fancios em\nrevista, televis\u00e3o e m\u00eddias sociais ( al\u00e9m de a\u00e7\u00f5es diretas com arquitetos e\ndecoradores).<\/p>\n\n\n\n<p class=\"wp-block-paragraph\">Venha criar voc\u00ea tamb\u00e9m sua estrat\u00e9gia de comunica\u00e7\u00e3o e\nmarketing e impulsionar sua empresa para um 2019 repleto de bons frutos.<\/p>\n","protected":false},"excerpt":{"rendered":"<p>A MacNeeds sempre foi f\u00e3 da m\u00eddia exterior. Uma campanha sem ela n\u00e3o fica completa.&nbsp; No ar agora, frontlight Hansa<span class=\"excerpt-hellip\"> [\u2026]<\/span><\/p>\n","protected":false},"author":1,"featured_media":4334,"comment_status":"open","ping_status":"open","sticky":false,"template":"","format":"standard","meta":{"footnotes":""},"categories":[1],"tags":[],"class_list":["post-3173","post","type-post","status-publish","format-standard","has-post-thumbnail","hentry","category-blog"],"_links":{"self":[{"href":"https:\/\/macneeds.com.br\/site\/wp-json\/wp\/v2\/posts\/3173","targetHints":{"allow":["GET"]}}],"collection":[{"href":"https:\/\/macneeds.com.br\/site\/wp-json\/wp\/v2\/posts"}],"about":[{"href":"https:\/\/macneeds.com.br\/site\/wp-json\/wp\/v2\/types\/post"}],"author":[{"embeddable":true,"href":"https:\/\/macneeds.com.br\/site\/wp-json\/wp\/v2\/users\/1"}],"replies":[{"embeddable":true,"href":"https:\/\/macneeds.com.br\/site\/wp-json\/wp\/v2\/comments?post=3173"}],"version-history":[{"count":0,"href":"https:\/\/macneeds.com.br\/site\/wp-json\/wp\/v2\/posts\/3173\/revisions"}],"wp:featuredmedia":[{"embeddable":true,"href":"https:\/\/macneeds.com.br\/site\/wp-json\/wp\/v2\/media\/4334"}],"wp:attachment":[{"href":"https:\/\/macneeds.com.br\/site\/wp-json\/wp\/v2\/media?parent=3173"}],"wp:term":[{"taxonomy":"category","embeddable":true,"href":"https:\/\/macneeds.com.br\/site\/wp-json\/wp\/v2\/categories?post=3173"},{"taxonomy":"post_tag","embeddable":true,"href":"https:\/\/macneeds.com.br\/site\/wp-json\/wp\/v2\/tags?post=3173"}],"curies":[{"name":"wp","href":"https:\/\/api.w.org\/{rel}","templated":true}]}}