{"id":3193,"date":"2019-03-06T15:07:51","date_gmt":"2019-03-06T18:07:51","guid":{"rendered":"http:\/\/macneeds.com.br\/?p=3193"},"modified":"2023-05-03T16:04:08","modified_gmt":"2023-05-03T19:04:08","slug":"campanha-coopus-planos-de-saude","status":"publish","type":"post","link":"https:\/\/macneeds.com.br\/site\/2019\/03\/06\/campanha-coopus-planos-de-saude\/","title":{"rendered":"Campanha COOPUS Planos de Sa\u00fade"},"content":{"rendered":"\n<p class=\"wp-block-paragraph\">Entra no ar a Campanha do Cliente COOPUS Planos de Sa\u00fade.<\/p>\n\n\n\n<p class=\"wp-block-paragraph\">Com foco na terceira idade, a COOPUS lan\u00e7a o COOPUS SENIOR\ncom valores especiais para faixa dos 49 a 53 e para maiores de 59 anos.<\/p>\n\n\n\n<p class=\"wp-block-paragraph\">A estrat\u00e9gia \u00e9 atender o p\u00fablico mais velho, com um valor\ndiferenciado, pois \u00e9 nessa faixa et\u00e1ria que os planos cobram mais caro e muitas\npessoas precisam at\u00e9 mesmo parar de ter suas coberturas.<\/p>\n\n\n\n<p class=\"wp-block-paragraph\">A primeira parte da Campanha engloba a m\u00eddia exterior\nimpressa, r\u00e1dios, busdoor e tamb\u00e9m o patroc\u00ednio a times de futebol da cidade de\nCampinas, sede da empresa.<\/p>\n\n\n\n<p class=\"wp-block-paragraph\">Confira algumas imagens.<\/p>\n\n\n\n<figure class=\"wp-block-gallery has-nested-images columns-default is-cropped wp-block-gallery-1 is-layout-flex wp-block-gallery-is-layout-flex\">\n<figure class=\"wp-block-image\"><img decoding=\"async\" data-id=\"3194\" src=\"http:\/\/macneeds.com.br\/wp-content\/uploads\/2019\/03\/20190209_FabioLeoni_97.jpg\" alt=\"\" class=\"wp-image-3194\"\/><\/figure>\n\n\n\n<figure class=\"wp-block-image\"><img decoding=\"async\" data-id=\"3195\" src=\"http:\/\/macneeds.com.br\/wp-content\/uploads\/2019\/03\/20190209_FabioLeoni_152.jpg\" alt=\"\" class=\"wp-image-3195\"\/><\/figure>\n\n\n\n<figure class=\"wp-block-image\"><img decoding=\"async\" data-id=\"3196\" src=\"http:\/\/macneeds.com.br\/wp-content\/uploads\/2019\/03\/20190209_FabioLeoni_245.jpg\" alt=\"\" class=\"wp-image-3196\"\/><\/figure>\n\n\n\n<figure class=\"wp-block-image\"><img decoding=\"async\" data-id=\"3198\" src=\"http:\/\/macneeds.com.br\/wp-content\/uploads\/2019\/03\/51672125_2031371433577177_7804944029195436032_o.jpg\" alt=\"\" class=\"wp-image-3198\"\/><\/figure>\n\n\n\n<figure class=\"wp-block-image\"><img decoding=\"async\" data-id=\"3199\" src=\"http:\/\/macneeds.com.br\/wp-content\/uploads\/2019\/03\/52630249_2029482163766104_8504261620921270272_n.jpg\" alt=\"\" class=\"wp-image-3199\"\/><\/figure>\n\n\n\n<figure class=\"wp-block-image\"><img decoding=\"async\" data-id=\"3200\" src=\"http:\/\/macneeds.com.br\/wp-content\/uploads\/2019\/03\/mockup-bussdoor-1024x501.jpg\" alt=\"\" class=\"wp-image-3200\"\/><\/figure>\n\n\n\n<figure class=\"wp-block-image\"><img decoding=\"async\" data-id=\"3201\" src=\"http:\/\/macneeds.com.br\/wp-content\/uploads\/2019\/03\/mockup-outdoor-1024x682.jpg\" alt=\"\" class=\"wp-image-3201\"\/><\/figure>\n<\/figure>\n\n\n\n<p class=\"wp-block-paragraph\">#macneeds #25anosdeagencia #publicidade #propaganda #handcrafted\n#brainstorm #campanhas #campanhaspublicitarias #fotografia\n#fotografiapublicitaria #websites #webdesign #seo #midiassociais\n#identidadevisual #identidadecorporativa #redacao #anuncios #midiaexterior\n#outdoor #criacao #inovacao #producaografica #empreendedoresdoreino #coopus<\/p>\n\n\n\n<p class=\"wp-block-paragraph\"><a href=\"http:\/\/www.macneeds.com\">www.macneeds.com<\/a>&nbsp;\n19 3256.3563<\/p>\n","protected":false},"excerpt":{"rendered":"<p>Entra no ar a Campanha do Cliente COOPUS Planos de Sa\u00fade. Com foco na terceira idade, a COOPUS lan\u00e7a o<span class=\"excerpt-hellip\"> [\u2026]<\/span><\/p>\n","protected":false},"author":1,"featured_media":4246,"comment_status":"open","ping_status":"open","sticky":false,"template":"","format":"standard","meta":{"footnotes":""},"categories":[1],"tags":[],"class_list":["post-3193","post","type-post","status-publish","format-standard","has-post-thumbnail","hentry","category-blog"],"_links":{"self":[{"href":"https:\/\/macneeds.com.br\/site\/wp-json\/wp\/v2\/posts\/3193","targetHints":{"allow":["GET"]}}],"collection":[{"href":"https:\/\/macneeds.com.br\/site\/wp-json\/wp\/v2\/posts"}],"about":[{"href":"https:\/\/macneeds.com.br\/site\/wp-json\/wp\/v2\/types\/post"}],"author":[{"embeddable":true,"href":"https:\/\/macneeds.com.br\/site\/wp-json\/wp\/v2\/users\/1"}],"replies":[{"embeddable":true,"href":"https:\/\/macneeds.com.br\/site\/wp-json\/wp\/v2\/comments?post=3193"}],"version-history":[{"count":0,"href":"https:\/\/macneeds.com.br\/site\/wp-json\/wp\/v2\/posts\/3193\/revisions"}],"wp:featuredmedia":[{"embeddable":true,"href":"https:\/\/macneeds.com.br\/site\/wp-json\/wp\/v2\/media\/4246"}],"wp:attachment":[{"href":"https:\/\/macneeds.com.br\/site\/wp-json\/wp\/v2\/media?parent=3193"}],"wp:term":[{"taxonomy":"category","embeddable":true,"href":"https:\/\/macneeds.com.br\/site\/wp-json\/wp\/v2\/categories?post=3193"},{"taxonomy":"post_tag","embeddable":true,"href":"https:\/\/macneeds.com.br\/site\/wp-json\/wp\/v2\/tags?post=3193"}],"curies":[{"name":"wp","href":"https:\/\/api.w.org\/{rel}","templated":true}]}}