{"id":3211,"date":"2019-03-26T09:44:26","date_gmt":"2019-03-26T12:44:26","guid":{"rendered":"http:\/\/macneeds.com.br\/?p=3211"},"modified":"2023-05-03T16:03:33","modified_gmt":"2023-05-03T19:03:33","slug":"colegio-sagrado-coracao-de-jesus","status":"publish","type":"post","link":"https:\/\/macneeds.com.br\/site\/2019\/03\/26\/colegio-sagrado-coracao-de-jesus\/","title":{"rendered":"Col\u00e9gio Sagrado Cora\u00e7\u00e3o de Jesus"},"content":{"rendered":"\n<p class=\"wp-block-paragraph\">A MacNeeds desenvolveu Campanha de reencontro de alunos do col\u00e9gio Sagrado Cora\u00e7\u00e3o de Jesus em Campinas. O trabalho envolveu a secretaria do col\u00e9gio, coordena\u00e7\u00e3o e comiss\u00e3o de ex-alunos, come\u00e7ando pelo levantamento de listas de chamada de 30 anos atr\u00e1s. <br> Ap\u00f3s desenterrar essa rel\u00edquia hist\u00f3rica come\u00e7aram as buscas por ex-professores e ex-alunos alvo da a\u00e7\u00e3o, em buscas pela internet, m\u00eddias sociais, col\u00e9gio e familiares.&nbsp; As primeiras pessoas encontradas logo foram fazendo parte do movimento de busca at\u00e9 que mais de 100 ex-alunos e professores estavam engajados na campanha.<br> <br> A a\u00e7\u00e3o contou com um site pr\u00f3prio&nbsp; <a href=\"http:\/\/www.amigosdocoracao.com.br\">www.amigosdocoracao.com.br<\/a> , al\u00e9m de Facebook, Instagram e grupo de WhatsApp.&nbsp; <br> <br> Todos os participantes da a\u00e7\u00e3o foram cadastrados com fotos de antes e depois para poderem ser reconhecidos no encontro.<br> Foi criada uma s\u00e9rie de v\u00eddeos pela ag\u00eancia MacNeeds onde se ilustraram not\u00edcias, instru\u00e7\u00f5es e informa\u00e7\u00f5es sobre a a\u00e7\u00e3o.<br> O Col\u00e9gio Sagrado Cora\u00e7\u00e3o de Jesus separou uma grande \u00e1rea para o evento, englobando p\u00e1tio, cantina, anfiteatro e arredores, onde os participantes puderam revisitar os locais por onde passaram tantos anos estudando e crescendo juntos.<\/p>\n\n\n\n<figure class=\"wp-block-gallery has-nested-images columns-default is-cropped wp-block-gallery-1 is-layout-flex wp-block-gallery-is-layout-flex\">\n<figure class=\"wp-block-image\"><img decoding=\"async\" data-id=\"3214\" src=\"http:\/\/macneeds.com.br\/wp-content\/uploads\/2019\/03\/encontro-3.png\" alt=\"\" class=\"wp-image-3214\"\/><\/figure>\n\n\n\n<figure class=\"wp-block-image\"><img decoding=\"async\" data-id=\"3215\" src=\"http:\/\/macneeds.com.br\/wp-content\/uploads\/2019\/03\/encontro-5.png\" alt=\"\" class=\"wp-image-3215\"\/><\/figure>\n\n\n\n<figure class=\"wp-block-image\"><img decoding=\"async\" data-id=\"3216\" src=\"http:\/\/macneeds.com.br\/wp-content\/uploads\/2019\/03\/encontro-6.png\" alt=\"\" class=\"wp-image-3216\"\/><\/figure>\n\n\n\n<figure class=\"wp-block-image\"><img decoding=\"async\" data-id=\"3217\" src=\"http:\/\/macneeds.com.br\/wp-content\/uploads\/2019\/03\/encontro-11.png\" alt=\"\" class=\"wp-image-3217\"\/><\/figure>\n\n\n\n<figure class=\"wp-block-image\"><img decoding=\"async\" data-id=\"3218\" src=\"http:\/\/macneeds.com.br\/wp-content\/uploads\/2019\/03\/encontro-15.png\" alt=\"\" class=\"wp-image-3218\"\/><\/figure>\n\n\n\n<figure class=\"wp-block-image\"><img decoding=\"async\" data-id=\"3219\" src=\"http:\/\/macneeds.com.br\/wp-content\/uploads\/2019\/03\/encontro-17.png\" alt=\"\" class=\"wp-image-3219\"\/><\/figure>\n\n\n\n<figure class=\"wp-block-image\"><img decoding=\"async\" data-id=\"3220\" src=\"http:\/\/macneeds.com.br\/wp-content\/uploads\/2019\/03\/encontro-21.png\" alt=\"\" class=\"wp-image-3220\"\/><\/figure>\n<\/figure>\n\n\n\n<p class=\"wp-block-paragraph\">Um encontro emocionado reuniu tamb\u00e9m os familiares. Aqueles\nque eram as crian\u00e7as h\u00e1 30 anos atr\u00e1s, agora voltam com suas pr\u00f3prias crian\u00e7as,\nque puderam ver onde os pais passavam suas manh\u00e3s de estudo e recreio.<br>\n<br>\nA ag\u00eancia tamb\u00e9m desenvolveu v\u00eddeo de apresenta\u00e7\u00e3o para o evento e certificados\nde homenagem aos ex-professores que os receberam com muita emo\u00e7\u00e3o.<br>\n<br>\nOs visitantes tamb\u00e9m assinaram uma camiseta de uniforme da a\u00e7\u00e3o, como faziam em\nper\u00edodos de fim de ano e registraram o rein\u00edcio de muitas amizades que haviam\nse perdido no tempo.<\/p>\n\n\n\n<p class=\"wp-block-paragraph\">O evento foi muito bem sucedido e passou a ser refer\u00eancia\npara outras institui\u00e7\u00f5es de ensino fazerem o mesmo, algumas das quais j\u00e1\ncontactaram a ag\u00eancia para saber mais sobre o modelo criado.\n\n\n\nConfira mais acessando o site da a\u00e7\u00e3o!\n\n\n\n<\/p>\n","protected":false},"excerpt":{"rendered":"<p>A MacNeeds desenvolveu Campanha de reencontro de alunos do col\u00e9gio Sagrado Cora\u00e7\u00e3o de Jesus em Campinas. O trabalho envolveu a<span class=\"excerpt-hellip\"> [\u2026]<\/span><\/p>\n","protected":false},"author":1,"featured_media":4248,"comment_status":"open","ping_status":"open","sticky":false,"template":"","format":"standard","meta":{"footnotes":""},"categories":[1],"tags":[],"class_list":["post-3211","post","type-post","status-publish","format-standard","has-post-thumbnail","hentry","category-blog"],"_links":{"self":[{"href":"https:\/\/macneeds.com.br\/site\/wp-json\/wp\/v2\/posts\/3211","targetHints":{"allow":["GET"]}}],"collection":[{"href":"https:\/\/macneeds.com.br\/site\/wp-json\/wp\/v2\/posts"}],"about":[{"href":"https:\/\/macneeds.com.br\/site\/wp-json\/wp\/v2\/types\/post"}],"author":[{"embeddable":true,"href":"https:\/\/macneeds.com.br\/site\/wp-json\/wp\/v2\/users\/1"}],"replies":[{"embeddable":true,"href":"https:\/\/macneeds.com.br\/site\/wp-json\/wp\/v2\/comments?post=3211"}],"version-history":[{"count":0,"href":"https:\/\/macneeds.com.br\/site\/wp-json\/wp\/v2\/posts\/3211\/revisions"}],"wp:featuredmedia":[{"embeddable":true,"href":"https:\/\/macneeds.com.br\/site\/wp-json\/wp\/v2\/media\/4248"}],"wp:attachment":[{"href":"https:\/\/macneeds.com.br\/site\/wp-json\/wp\/v2\/media?parent=3211"}],"wp:term":[{"taxonomy":"category","embeddable":true,"href":"https:\/\/macneeds.com.br\/site\/wp-json\/wp\/v2\/categories?post=3211"},{"taxonomy":"post_tag","embeddable":true,"href":"https:\/\/macneeds.com.br\/site\/wp-json\/wp\/v2\/tags?post=3211"}],"curies":[{"name":"wp","href":"https:\/\/api.w.org\/{rel}","templated":true}]}}