{"id":3283,"date":"2019-09-17T11:57:23","date_gmt":"2019-09-17T14:57:23","guid":{"rendered":"http:\/\/macneeds.com.br\/?p=3283"},"modified":"2023-05-03T15:57:31","modified_gmt":"2023-05-03T18:57:31","slug":"acomac-55-anos","status":"publish","type":"post","link":"https:\/\/macneeds.com.br\/site\/2019\/09\/17\/acomac-55-anos\/","title":{"rendered":"Acomac 55 Anos"},"content":{"rendered":"\n<p class=\"has-text-align-center wp-block-paragraph\">Pioneira como associa\u00e7\u00e3o de lojas de material de constru\u00e7\u00e3o,\na Acomac Campinas realizou o marco de 55 anos de exist\u00eancia. A iniciativa se\nespalhou por todo o Brasil e trouxe muito mais representatividade ao setor.<\/p>\n\n\n\n<p class=\"has-text-align-center wp-block-paragraph\">Tamb\u00e9m celebrou 92 anos de seu fundador, ainda vivo e a todo vapor, Sr Olavo.&nbsp; A MacNeeds propaganda tem prazer em fazer parte dessa hist\u00f3ria j\u00e1 h\u00e1 4 anos e indo para a terceira gest\u00e3o. Tamb\u00e9m comemorando o sucesso do evento depois de 2 meses de muita prepara\u00e7\u00e3o&#8230;. Segue um v\u00eddeo-resumo.<\/p>\n\n\n\n<center><figure><iframe src=\"https:\/\/player.vimeo.com\/video\/358878262\" width=\"640\" height=\"360\" allowfullscreen=\"\"><\/iframe><\/figure><\/center>\n","protected":false},"excerpt":{"rendered":"<p>Pioneira como associa\u00e7\u00e3o de lojas de material de constru\u00e7\u00e3o, a Acomac Campinas realizou o marco de 55 anos de exist\u00eancia.<span class=\"excerpt-hellip\"> [\u2026]<\/span><\/p>\n","protected":false},"author":1,"featured_media":4258,"comment_status":"open","ping_status":"open","sticky":false,"template":"","format":"standard","meta":{"footnotes":""},"categories":[1],"tags":[],"class_list":["post-3283","post","type-post","status-publish","format-standard","has-post-thumbnail","hentry","category-blog"],"_links":{"self":[{"href":"https:\/\/macneeds.com.br\/site\/wp-json\/wp\/v2\/posts\/3283","targetHints":{"allow":["GET"]}}],"collection":[{"href":"https:\/\/macneeds.com.br\/site\/wp-json\/wp\/v2\/posts"}],"about":[{"href":"https:\/\/macneeds.com.br\/site\/wp-json\/wp\/v2\/types\/post"}],"author":[{"embeddable":true,"href":"https:\/\/macneeds.com.br\/site\/wp-json\/wp\/v2\/users\/1"}],"replies":[{"embeddable":true,"href":"https:\/\/macneeds.com.br\/site\/wp-json\/wp\/v2\/comments?post=3283"}],"version-history":[{"count":0,"href":"https:\/\/macneeds.com.br\/site\/wp-json\/wp\/v2\/posts\/3283\/revisions"}],"wp:featuredmedia":[{"embeddable":true,"href":"https:\/\/macneeds.com.br\/site\/wp-json\/wp\/v2\/media\/4258"}],"wp:attachment":[{"href":"https:\/\/macneeds.com.br\/site\/wp-json\/wp\/v2\/media?parent=3283"}],"wp:term":[{"taxonomy":"category","embeddable":true,"href":"https:\/\/macneeds.com.br\/site\/wp-json\/wp\/v2\/categories?post=3283"},{"taxonomy":"post_tag","embeddable":true,"href":"https:\/\/macneeds.com.br\/site\/wp-json\/wp\/v2\/tags?post=3283"}],"curies":[{"name":"wp","href":"https:\/\/api.w.org\/{rel}","templated":true}]}}