{"id":3346,"date":"2019-12-09T10:10:06","date_gmt":"2019-12-09T12:10:06","guid":{"rendered":"http:\/\/macneeds.com.br\/?p=3346"},"modified":"2023-05-03T15:43:02","modified_gmt":"2023-05-03T18:43:02","slug":"macneeds-propaganda-cria-novo-padrao-visual-para-as-fachadas-dms-burnier","status":"publish","type":"post","link":"https:\/\/macneeds.com.br\/site\/2019\/12\/09\/macneeds-propaganda-cria-novo-padrao-visual-para-as-fachadas-dms-burnier\/","title":{"rendered":"MacNeeds propaganda cria novo padr\u00e3o visual para as fachadas DMS Burnier."},"content":{"rendered":"\n<p class=\"wp-block-paragraph\">A rede com 14 lojas no interior do Estado passa a adotar o novo padr\u00e3o visual criado pela ag\u00eancia, que agora troca o marrom e bege anteriores pela aplica\u00e7\u00e3o das cores da logomarca atual ao padr\u00e3o de fachadas.<\/p>\n\n\n\n<p class=\"wp-block-paragraph\">Todo material de comunica\u00e7\u00e3o tamb\u00e9m passa a ser padronizado pela ag\u00eancia, e vai falar uma s\u00f3 linguagem, desde m\u00eddia exterior, v\u00eddeos, web, posts, busdoors, fachadas, papelaria, a\u00e7\u00f5es de blitz e demais atividades da marca.<\/p>\n\n\n\n<figure class=\"wp-block-image size-large\"><img decoding=\"async\" src=\"http:\/\/macneeds.com.br\/wp-content\/uploads\/2019\/12\/dms-fachada-1.png\" alt=\"\" class=\"wp-image-3348\"\/><\/figure>\n\n\n\n<p class=\"wp-block-paragraph\">Este \u00e9 mais um exemplo da import\u00e2ncia de criar um ponto de identifica\u00e7\u00e3o da empresa com o mercado e os clientes. Essa padroniza\u00e7\u00e3o da paleta de cores corporativa ajuda \u00e0s pessoas a entenderem com quem est\u00e3o falando e de quem \u00e9 a pe\u00e7a. Muitas vezes mesmo sem ter que ler todo o conte\u00fado.<\/p>\n","protected":false},"excerpt":{"rendered":"<p>A rede com 14 lojas no interior do Estado passa a adotar o novo padr\u00e3o visual criado pela ag\u00eancia, que<span class=\"excerpt-hellip\"> [\u2026]<\/span><\/p>\n","protected":false},"author":1,"featured_media":4266,"comment_status":"open","ping_status":"open","sticky":false,"template":"","format":"standard","meta":{"footnotes":""},"categories":[1],"tags":[],"class_list":["post-3346","post","type-post","status-publish","format-standard","has-post-thumbnail","hentry","category-blog"],"_links":{"self":[{"href":"https:\/\/macneeds.com.br\/site\/wp-json\/wp\/v2\/posts\/3346","targetHints":{"allow":["GET"]}}],"collection":[{"href":"https:\/\/macneeds.com.br\/site\/wp-json\/wp\/v2\/posts"}],"about":[{"href":"https:\/\/macneeds.com.br\/site\/wp-json\/wp\/v2\/types\/post"}],"author":[{"embeddable":true,"href":"https:\/\/macneeds.com.br\/site\/wp-json\/wp\/v2\/users\/1"}],"replies":[{"embeddable":true,"href":"https:\/\/macneeds.com.br\/site\/wp-json\/wp\/v2\/comments?post=3346"}],"version-history":[{"count":0,"href":"https:\/\/macneeds.com.br\/site\/wp-json\/wp\/v2\/posts\/3346\/revisions"}],"wp:featuredmedia":[{"embeddable":true,"href":"https:\/\/macneeds.com.br\/site\/wp-json\/wp\/v2\/media\/4266"}],"wp:attachment":[{"href":"https:\/\/macneeds.com.br\/site\/wp-json\/wp\/v2\/media?parent=3346"}],"wp:term":[{"taxonomy":"category","embeddable":true,"href":"https:\/\/macneeds.com.br\/site\/wp-json\/wp\/v2\/categories?post=3346"},{"taxonomy":"post_tag","embeddable":true,"href":"https:\/\/macneeds.com.br\/site\/wp-json\/wp\/v2\/tags?post=3346"}],"curies":[{"name":"wp","href":"https:\/\/api.w.org\/{rel}","templated":true}]}}