{"id":3368,"date":"2020-01-23T16:33:54","date_gmt":"2020-01-23T18:33:54","guid":{"rendered":"http:\/\/macneeds.com.br\/?p=3368"},"modified":"2023-05-03T15:40:49","modified_gmt":"2023-05-03T18:40:49","slug":"a-macneeds-propaganda-e-selecionada-como-a-primeira-agencia-do-ano-a-receber-a-visita-especial-da-equipe-de-executivos-da-rede-anhanguera-de-comunicacao","status":"publish","type":"post","link":"https:\/\/macneeds.com.br\/site\/2020\/01\/23\/a-macneeds-propaganda-e-selecionada-como-a-primeira-agencia-do-ano-a-receber-a-visita-especial-da-equipe-de-executivos-da-rede-anhanguera-de-comunicacao\/","title":{"rendered":"A MacNeeds propaganda \u00e9 selecionada como a primeira ag\u00eancia do ano a receber a visita especial da equipe de executivos da Rede Anhanguera de Comunica\u00e7\u00e3o."},"content":{"rendered":"\n<p class=\"wp-block-paragraph\">Em uma a\u00e7\u00e3o que vai percorrer diversas empresas do\ncomunica\u00e7\u00e3o da RMC, a MacNeeds abre os trabalhos em uma reuni\u00e3o descontra\u00edda e\nrepleta de nostalgia.<\/p>\n\n\n\n<p class=\"wp-block-paragraph\">Com mais de 2500 an\u00fancios j\u00e1 publicados nos ve\u00edculos da Rede\nAnhanguera de Comunica\u00e7\u00e3o, o Pr\u00eamio RAC de Melhor Campanha Impressa e o T\u00edtulo\nde Ag\u00eancia &nbsp;do Ano no TOP RAC de PUBLICIDADE entre outros destaques, a\nag\u00eancia tamb\u00e9m det\u00e9m o marco de pioneira na Revista Metr\u00f3pole, na qual esteve\npresente desde a primeira edi\u00e7\u00e3o e da qual j\u00e1 foi tema de capa.<\/p>\n\n\n\n<p class=\"wp-block-paragraph\">A equipe RAC contou com a presen\u00e7a da executiva de contas Cassia Verdini, Almir Mendes, o gerente comercial Donizete Ribeiro e Bianca Elisa.<\/p>\n\n\n\n<figure class=\"wp-block-gallery aligncenter has-nested-images columns-default is-cropped wp-block-gallery-1 is-layout-flex wp-block-gallery-is-layout-flex\">\n<figure class=\"wp-block-image size-large\"><img decoding=\"async\" data-id=\"3370\" src=\"http:\/\/macneeds.com.br\/wp-content\/uploads\/2020\/01\/01.png\" alt=\"\" class=\"wp-image-3370\"\/><\/figure>\n\n\n\n<figure class=\"wp-block-image size-large\"><img decoding=\"async\" data-id=\"3371\" src=\"http:\/\/macneeds.com.br\/wp-content\/uploads\/2020\/01\/06.png\" alt=\"\" class=\"wp-image-3371\"\/><\/figure>\n<\/figure>\n\n\n\n<p class=\"wp-block-paragraph\">Foram lembrados\nantigos clientes, revisitados an\u00fancios antigos do portifolio da ag\u00eancia e\nmuitas pe\u00e7as das quais os pr\u00f3prios executivos se lembravam. Clientes\nanunciantes como Clinica Camila Dutra, One Day Clinic, Cl\u00ednica Slim, Dermocl\u00ednica,\nEst\u00e9tica Avan\u00e7ada, Raul Azuaga e outras pratas da casa est\u00e3o entre os parceiros\nque fizeram parte da trajet\u00f3ria de campanhas que cuminou com o pr\u00eamio de ouro\nde melhor campanha impressa do ano \u00e0 MacNeeds com a campanha de lan\u00e7amento da\ngrife de moda feminina SHOULDER no interior de S\u00e3o Paulo atrav\u00e9s de ve\u00edculos da\nRAC.<\/p>\n\n\n\n<p class=\"wp-block-paragraph\">Do tempo onde n\u00e3o havia internet, o scaner era manual e passar a madrugada no fluxo do Correio Popular era coisa comum&#8230; aos avan\u00e7os atuais da comunica\u00e7\u00e3o integrada e mudan\u00e7as de comportamento. Lembran\u00e7as de gera\u00e7\u00f5es e figuras como Maz\u00e9, Rubens e Tadeu n\u00e3o faltaram nessa hist\u00f3ria que faz parte do que somos hoje.<\/p>\n\n\n\n<figure class=\"wp-block-gallery has-nested-images columns-default is-cropped wp-block-gallery-2 is-layout-flex wp-block-gallery-is-layout-flex\">\n<figure class=\"wp-block-image size-large\"><img decoding=\"async\" data-id=\"3373\" src=\"http:\/\/macneeds.com.br\/wp-content\/uploads\/2020\/01\/8d3fe7b1-6ee5-4063-a76e-ab5f71e712c6.jpg\" alt=\"\" class=\"wp-image-3373\"\/><\/figure>\n\n\n\n<figure class=\"wp-block-image size-large\"><img decoding=\"async\" data-id=\"3372\" src=\"http:\/\/macneeds.com.br\/wp-content\/uploads\/2020\/01\/04.png\" alt=\"\" class=\"wp-image-3372\"\/><\/figure>\n<\/figure>\n\n\n\n<p class=\"wp-block-paragraph\">O encontro contou com o buffet do Boteco \u00e0 Domic\u00edlio \u2013 que faz quest\u00e3o de manter o foco sustent\u00e1vel e n\u00e3o utiliza descart\u00e1veis. A empresa executa eventos e card\u00e1pios personalizados para todos os tipos de encontros corporativos e desde encontros internos at\u00e9 eventos de grande porte para a\u00e7\u00f5es ao p\u00fablico como lan\u00e7amentos em lojas, shoppings e concession\u00e1rias. Vale a pena conhecer ( insta @boteco_a_domic\u00edlio )<\/p>\n\n\n\n<p class=\"wp-block-paragraph\"><a href=\"http:\/\/www.botecoadomicilio.com.br\">www.botecoadomicilio.com.br<\/a>&nbsp;&nbsp;\n&#8211; A MacNeeds indica!<\/p>\n\n\n\n<p class=\"wp-block-paragraph\">Que este seja\napenas o come\u00e7o de mais um ano repleto de bons neg\u00f3cios a todos!<\/p>\n","protected":false},"excerpt":{"rendered":"<p>Em uma a\u00e7\u00e3o que vai percorrer diversas empresas do comunica\u00e7\u00e3o da RMC, a MacNeeds abre os trabalhos em uma reuni\u00e3o<span class=\"excerpt-hellip\"> [\u2026]<\/span><\/p>\n","protected":false},"author":1,"featured_media":4270,"comment_status":"open","ping_status":"open","sticky":false,"template":"","format":"standard","meta":{"footnotes":""},"categories":[1],"tags":[],"class_list":["post-3368","post","type-post","status-publish","format-standard","has-post-thumbnail","hentry","category-blog"],"_links":{"self":[{"href":"https:\/\/macneeds.com.br\/site\/wp-json\/wp\/v2\/posts\/3368","targetHints":{"allow":["GET"]}}],"collection":[{"href":"https:\/\/macneeds.com.br\/site\/wp-json\/wp\/v2\/posts"}],"about":[{"href":"https:\/\/macneeds.com.br\/site\/wp-json\/wp\/v2\/types\/post"}],"author":[{"embeddable":true,"href":"https:\/\/macneeds.com.br\/site\/wp-json\/wp\/v2\/users\/1"}],"replies":[{"embeddable":true,"href":"https:\/\/macneeds.com.br\/site\/wp-json\/wp\/v2\/comments?post=3368"}],"version-history":[{"count":0,"href":"https:\/\/macneeds.com.br\/site\/wp-json\/wp\/v2\/posts\/3368\/revisions"}],"wp:featuredmedia":[{"embeddable":true,"href":"https:\/\/macneeds.com.br\/site\/wp-json\/wp\/v2\/media\/4270"}],"wp:attachment":[{"href":"https:\/\/macneeds.com.br\/site\/wp-json\/wp\/v2\/media?parent=3368"}],"wp:term":[{"taxonomy":"category","embeddable":true,"href":"https:\/\/macneeds.com.br\/site\/wp-json\/wp\/v2\/categories?post=3368"},{"taxonomy":"post_tag","embeddable":true,"href":"https:\/\/macneeds.com.br\/site\/wp-json\/wp\/v2\/tags?post=3368"}],"curies":[{"name":"wp","href":"https:\/\/api.w.org\/{rel}","templated":true}]}}