{"id":3404,"date":"2020-03-17T17:21:42","date_gmt":"2020-03-17T20:21:42","guid":{"rendered":"http:\/\/macneeds.com.br\/?p=3404"},"modified":"2023-05-03T15:35:50","modified_gmt":"2023-05-03T18:35:50","slug":"contencao-de-abracos","status":"publish","type":"post","link":"https:\/\/macneeds.com.br\/site\/2020\/03\/17\/contencao-de-abracos\/","title":{"rendered":"Conten\u00e7\u00e3o de Abra\u00e7os"},"content":{"rendered":"\n<p class=\"wp-block-paragraph\">Conten\u00e7\u00e3o de Abra\u00e7os &#8211; Nova campanha de comunica\u00e7\u00e3o MacNeeds propaganda criada para o cliente Dermocl\u00ednica.<br> Em momentos como esses a import\u00e2ncia da comunica\u00e7\u00e3o \u00e9 gigantesca. E esse \u00e9 justamente o nosso neg\u00f3cio. <\/p>\n\n\n\n<p class=\"wp-block-paragraph\"><br> Informar as pessoas que medidas tomar, como se prevenir, e passar o m\u00e1ximo de dados poss\u00edvel para ajudar a popula\u00e7\u00e3o pode fazer muita diferen\u00e7a no combate ao coronav\u00edrus.<br> A a\u00e7\u00e3o criada para o cliente Dermocl\u00ednica intitulada &#8221;Conten\u00e7\u00e3o de Abra\u00e7os&#8221;, foi um jeito simp\u00e1tico de avisar que n\u00e3o estar\u00e3o cumprimentando os pacientes com contato f\u00edsico, nem na recep\u00e7\u00e3o, nem no estacionamento e nem nos consult\u00f3rios.<\/p>\n\n\n\n<p class=\"wp-block-paragraph\"><br> Essas e muitas outras a\u00e7\u00f5es est\u00e3o sendo tomadas pelos clientes em conjunto com a MacNeeds para conscientizar as equipes, clientes e popula\u00e7\u00e3o. <\/p>\n\n\n\n<figure class=\"wp-block-gallery has-nested-images columns-default is-cropped wp-block-gallery-1 is-layout-flex wp-block-gallery-is-layout-flex\">\n<figure class=\"wp-block-image\"><img decoding=\"async\" data-id=\"3410\" src=\"http:\/\/macneeds.com.br\/wp-content\/uploads\/2020\/03\/contencao-de-abracos-6.jpg\" alt=\"\" class=\"wp-image-3410\"\/><\/figure>\n\n\n\n<figure class=\"wp-block-image\"><img decoding=\"async\" data-id=\"3408\" src=\"http:\/\/macneeds.com.br\/wp-content\/uploads\/2020\/03\/contencao-de-abracos-4.jpg\" alt=\"\" class=\"wp-image-3408\"\/><\/figure>\n\n\n\n<figure class=\"wp-block-image\"><img decoding=\"async\" data-id=\"3407\" src=\"http:\/\/macneeds.com.br\/wp-content\/uploads\/2020\/03\/contencao-de-abracos-3.jpg\" alt=\"\" class=\"wp-image-3407\"\/><\/figure>\n\n\n\n<figure class=\"wp-block-image\"><img decoding=\"async\" data-id=\"3409\" src=\"http:\/\/macneeds.com.br\/wp-content\/uploads\/2020\/03\/contencao-de-abracos-5.jpg\" alt=\"\" class=\"wp-image-3409\"\/><\/figure>\n\n\n\n<figure class=\"wp-block-image\"><img decoding=\"async\" data-id=\"3406\" src=\"http:\/\/macneeds.com.br\/wp-content\/uploads\/2020\/03\/contencao-de-abracos-2.jpg\" alt=\"\" class=\"wp-image-3406\"\/><\/figure>\n\n\n\n<figure class=\"wp-block-image\"><img decoding=\"async\" data-id=\"3405\" src=\"http:\/\/macneeds.com.br\/wp-content\/uploads\/2020\/03\/contencao-de-abracos-1.jpg\" alt=\"\" class=\"wp-image-3405\"\/><\/figure>\n<\/figure>\n\n\n\n<p class=\"wp-block-paragraph\"><br> Al\u00e9m disso o com\u00e9rcio n\u00e3o pode ficar parado, uma vez que sofre com as consequ\u00eancias da baixa circula\u00e7\u00e3o de pessoas.<\/p>\n\n\n\n<p class=\"wp-block-paragraph\"><br> Mais uma vez a comunica\u00e7\u00e3o precisa ser r\u00e1pida e ressaltar as opera\u00e7\u00f5es que est\u00e3o em funcionamento e as que v\u00e3o fechar. H\u00e1 tamb\u00e9m outras estrat\u00e9gias de continua\u00e7\u00e3o da presta\u00e7\u00e3o de servi\u00e7os e vendas como aulas online (no caso de escolas), o delivery (para a venda de alimentos e bens de consumo) e o e-commerce, que devem ser mais utilizados nesses meses.<\/p>\n\n\n\n<p class=\"wp-block-paragraph\"><br> Um dos clientes MacNeeds, a Miguelangelo Joias, comunica o diferencial de possuir atendimento personalizado, com visita agendada, um a um. Uma seguran\u00e7a a mais para seus visitantes.<\/p>\n\n\n\n<p class=\"wp-block-paragraph\"><br> A MacNeeds propaganda tamb\u00e9m tem feito a\u00e7\u00f5es de conscientiza\u00e7\u00e3o para clientes no Mercosul, onde muda a l\u00edngua mas a preocupa\u00e7\u00e3o \u00e9 a mesma. Confiram alguns exemplos e desejamos a todos cautela nas a\u00e7\u00f5es e com a sa\u00fade.<\/p>\n","protected":false},"excerpt":{"rendered":"<p>Conten\u00e7\u00e3o de Abra\u00e7os &#8211; Nova campanha de comunica\u00e7\u00e3o MacNeeds propaganda criada para o cliente Dermocl\u00ednica. Em momentos como esses a<span class=\"excerpt-hellip\"> [\u2026]<\/span><\/p>\n","protected":false},"author":1,"featured_media":4181,"comment_status":"open","ping_status":"open","sticky":false,"template":"","format":"standard","meta":{"footnotes":""},"categories":[1],"tags":[],"class_list":["post-3404","post","type-post","status-publish","format-standard","has-post-thumbnail","hentry","category-blog"],"_links":{"self":[{"href":"https:\/\/macneeds.com.br\/site\/wp-json\/wp\/v2\/posts\/3404","targetHints":{"allow":["GET"]}}],"collection":[{"href":"https:\/\/macneeds.com.br\/site\/wp-json\/wp\/v2\/posts"}],"about":[{"href":"https:\/\/macneeds.com.br\/site\/wp-json\/wp\/v2\/types\/post"}],"author":[{"embeddable":true,"href":"https:\/\/macneeds.com.br\/site\/wp-json\/wp\/v2\/users\/1"}],"replies":[{"embeddable":true,"href":"https:\/\/macneeds.com.br\/site\/wp-json\/wp\/v2\/comments?post=3404"}],"version-history":[{"count":0,"href":"https:\/\/macneeds.com.br\/site\/wp-json\/wp\/v2\/posts\/3404\/revisions"}],"wp:featuredmedia":[{"embeddable":true,"href":"https:\/\/macneeds.com.br\/site\/wp-json\/wp\/v2\/media\/4181"}],"wp:attachment":[{"href":"https:\/\/macneeds.com.br\/site\/wp-json\/wp\/v2\/media?parent=3404"}],"wp:term":[{"taxonomy":"category","embeddable":true,"href":"https:\/\/macneeds.com.br\/site\/wp-json\/wp\/v2\/categories?post=3404"},{"taxonomy":"post_tag","embeddable":true,"href":"https:\/\/macneeds.com.br\/site\/wp-json\/wp\/v2\/tags?post=3404"}],"curies":[{"name":"wp","href":"https:\/\/api.w.org\/{rel}","templated":true}]}}