{"id":3430,"date":"2020-04-01T09:11:00","date_gmt":"2020-04-01T12:11:00","guid":{"rendered":"http:\/\/macneeds.com.br\/?p=3430"},"modified":"2023-05-03T15:33:51","modified_gmt":"2023-05-03T18:33:51","slug":"voce-tem-uma-oportunidade-se-repensar-o-seu-negocio","status":"publish","type":"post","link":"https:\/\/macneeds.com.br\/site\/2020\/04\/01\/voce-tem-uma-oportunidade-se-repensar-o-seu-negocio\/","title":{"rendered":"Voc\u00ea tem uma oportunidade se repensar o seu neg\u00f3cio"},"content":{"rendered":"\n<p class=\"wp-block-paragraph\">Segue hoje texto de Samuel Quintans que foi Consultor da MacNeeds propaganda, treinou nossa equipe por 6 meses, profissional que passou por grandes empresas e hoje \u00e9 tamb\u00e9m Produtor Cultural. Vale a pena ler.<\/p>\n\n\n\n<p class=\"wp-block-paragraph\">\u2018\u2019Voc\u00ea percebeu as oportunidades que surgiram a partir deste momento? <\/p>\n\n\n\n<p class=\"wp-block-paragraph\">N\u00e3o! Eu n\u00e3o falo de oportunidades de mercado, de novos nichos ou coisa parecida. Nem de chance de promo\u00e7\u00e3o na sua empresa.<\/p>\n\n\n\n<p class=\"wp-block-paragraph\">Neste momento, se voc\u00ea for empres\u00e1rio, grande ou pequeno, tem a oportunidade de descobrir o quanto integrado com sua comunidade voc\u00ea era. O qu\u00e3o humana e humanizada era a sua empresa junto aos seus colaboradores. Ser\u00e1 que voc\u00ea conhecia a hist\u00f3rias deles? Os sonhos? Porque escolheram sua empresa?<\/p>\n\n\n\n<p class=\"wp-block-paragraph\">E seus clientes? Eram n\u00fameros e estat\u00edsticas? Ou tinham um valor humano.<\/p>\n\n\n\n<p class=\"wp-block-paragraph\">Neste momento voc\u00ea tem a oportunidade de descobrir como voc\u00ea pode liderar e ser \u00fatil \u00e0 sociedade, ao seu time, \u00e0s pessoas que confiam em voc\u00ea. <\/p>\n\n\n\n<p class=\"wp-block-paragraph\">Voc\u00ea tem uma oportunidade de repensar o seu neg\u00f3cio.<\/p>\n\n\n\n<p class=\"wp-block-paragraph\">Sabe aquele planejamento engavetado por falta de tempo? <br>\nAquele projeto social ou de endomarketing? <br>\nPois \u00e9, voc\u00ea ter\u00e1 muito tempo para faz\u00ea-lo acontecer. Da forma correta.<\/p>\n\n\n\n<p class=\"wp-block-paragraph\">Oportunidades n\u00e3o nos faltar\u00e3o. Poderemos chorar as perdas, praguejar o mercado ou mentir para n\u00f3s mesmos. <\/p>\n\n\n\n<p class=\"wp-block-paragraph\">Podemos tamb\u00e9m mudar a nossa forma de enxergar o capital, as rela\u00e7\u00f5es humanas e a nossa pr\u00f3pria vida.<\/p>\n\n\n\n<p class=\"wp-block-paragraph\">E a\u00ed? O que voc\u00ea escolhe?\u2019\u2019<\/p>\n","protected":false},"excerpt":{"rendered":"<p>Segue hoje texto de Samuel Quintans que foi Consultor da MacNeeds propaganda, treinou nossa equipe por 6 meses, profissional que<span class=\"excerpt-hellip\"> [\u2026]<\/span><\/p>\n","protected":false},"author":1,"featured_media":4187,"comment_status":"open","ping_status":"open","sticky":false,"template":"","format":"standard","meta":{"footnotes":""},"categories":[1],"tags":[],"class_list":["post-3430","post","type-post","status-publish","format-standard","has-post-thumbnail","hentry","category-blog"],"_links":{"self":[{"href":"https:\/\/macneeds.com.br\/site\/wp-json\/wp\/v2\/posts\/3430","targetHints":{"allow":["GET"]}}],"collection":[{"href":"https:\/\/macneeds.com.br\/site\/wp-json\/wp\/v2\/posts"}],"about":[{"href":"https:\/\/macneeds.com.br\/site\/wp-json\/wp\/v2\/types\/post"}],"author":[{"embeddable":true,"href":"https:\/\/macneeds.com.br\/site\/wp-json\/wp\/v2\/users\/1"}],"replies":[{"embeddable":true,"href":"https:\/\/macneeds.com.br\/site\/wp-json\/wp\/v2\/comments?post=3430"}],"version-history":[{"count":0,"href":"https:\/\/macneeds.com.br\/site\/wp-json\/wp\/v2\/posts\/3430\/revisions"}],"wp:featuredmedia":[{"embeddable":true,"href":"https:\/\/macneeds.com.br\/site\/wp-json\/wp\/v2\/media\/4187"}],"wp:attachment":[{"href":"https:\/\/macneeds.com.br\/site\/wp-json\/wp\/v2\/media?parent=3430"}],"wp:term":[{"taxonomy":"category","embeddable":true,"href":"https:\/\/macneeds.com.br\/site\/wp-json\/wp\/v2\/categories?post=3430"},{"taxonomy":"post_tag","embeddable":true,"href":"https:\/\/macneeds.com.br\/site\/wp-json\/wp\/v2\/tags?post=3430"}],"curies":[{"name":"wp","href":"https:\/\/api.w.org\/{rel}","templated":true}]}}