{"id":3453,"date":"2020-04-20T14:12:52","date_gmt":"2020-04-20T17:12:52","guid":{"rendered":"http:\/\/macneeds.com.br\/?p=3453"},"modified":"2023-05-03T15:36:56","modified_gmt":"2023-05-03T18:36:56","slug":"cordel-do-empresario","status":"publish","type":"post","link":"https:\/\/macneeds.com.br\/site\/2020\/04\/20\/cordel-do-empresario\/","title":{"rendered":"Cordel do Empres\u00e1rio"},"content":{"rendered":"\n<p class=\"has-text-align-center wp-block-paragraph\">Segue hoje o Cordel do Empres\u00e1rio &#8211; criado pelo cordelista Samuel de Monteiro do canal CADEIRA PO\u00c9TICA.<\/p>\n\n\n\n<center><figure><iframe width=\"560\" height=\"315\" src=\"https:\/\/www.youtube.com\/embed\/CC5SFKTQzrI\" allowfullscreen=\"\"><\/iframe><\/figure><\/center>\n\n\n\n<p class=\"has-text-align-center wp-block-paragraph\">O texto \u00e9 muito pertinente nos dias de hoje a todos os empres\u00e1rios, principalmente nesse momento que requer mais do que nunca, foco, concentra\u00e7\u00e3o, determina\u00e7\u00e3o, tomada de decis\u00f5es, estrat\u00e9gia, criatividade e muita f\u00e9.<\/p>\n","protected":false},"excerpt":{"rendered":"<p>Segue hoje o Cordel do Empres\u00e1rio &#8211; criado pelo cordelista Samuel de Monteiro do canal CADEIRA PO\u00c9TICA. O texto \u00e9<span class=\"excerpt-hellip\"> [\u2026]<\/span><\/p>\n","protected":false},"author":1,"featured_media":4190,"comment_status":"open","ping_status":"open","sticky":false,"template":"","format":"standard","meta":{"footnotes":""},"categories":[1],"tags":[],"class_list":["post-3453","post","type-post","status-publish","format-standard","has-post-thumbnail","hentry","category-blog"],"_links":{"self":[{"href":"https:\/\/macneeds.com.br\/site\/wp-json\/wp\/v2\/posts\/3453","targetHints":{"allow":["GET"]}}],"collection":[{"href":"https:\/\/macneeds.com.br\/site\/wp-json\/wp\/v2\/posts"}],"about":[{"href":"https:\/\/macneeds.com.br\/site\/wp-json\/wp\/v2\/types\/post"}],"author":[{"embeddable":true,"href":"https:\/\/macneeds.com.br\/site\/wp-json\/wp\/v2\/users\/1"}],"replies":[{"embeddable":true,"href":"https:\/\/macneeds.com.br\/site\/wp-json\/wp\/v2\/comments?post=3453"}],"version-history":[{"count":0,"href":"https:\/\/macneeds.com.br\/site\/wp-json\/wp\/v2\/posts\/3453\/revisions"}],"wp:featuredmedia":[{"embeddable":true,"href":"https:\/\/macneeds.com.br\/site\/wp-json\/wp\/v2\/media\/4190"}],"wp:attachment":[{"href":"https:\/\/macneeds.com.br\/site\/wp-json\/wp\/v2\/media?parent=3453"}],"wp:term":[{"taxonomy":"category","embeddable":true,"href":"https:\/\/macneeds.com.br\/site\/wp-json\/wp\/v2\/categories?post=3453"},{"taxonomy":"post_tag","embeddable":true,"href":"https:\/\/macneeds.com.br\/site\/wp-json\/wp\/v2\/tags?post=3453"}],"curies":[{"name":"wp","href":"https:\/\/api.w.org\/{rel}","templated":true}]}}