{"id":3528,"date":"2020-07-14T15:22:53","date_gmt":"2020-07-14T18:22:53","guid":{"rendered":"http:\/\/macneeds.com.br\/?p=3528"},"modified":"2023-05-03T15:29:08","modified_gmt":"2023-05-03T18:29:08","slug":"macneeds-no-shortlist-wina-2020","status":"publish","type":"post","link":"https:\/\/macneeds.com.br\/site\/2020\/07\/14\/macneeds-no-shortlist-wina-2020\/","title":{"rendered":"MacNeeds no Shortlist Wina 2020"},"content":{"rendered":"\n<p class=\"wp-block-paragraph\">Sa\u00edram os resultados de mais um Festival Internacional de Propaganda WINA, WINA,&nbsp;World Independent Advertising Awards, que re\u00fane ag\u00eancias dos 5 continentes, e as avalia com jurados reconhecidos internacionalmente.<br><br>Na \u00faltima participa\u00e7\u00e3o a MacNeeds propaganda recebeu duas premia\u00e7\u00f5es, nas categorias A\u00e7\u00e3o de Marketing de Guerrilha e tamb\u00e9m na categoria R\u00e1dio.<br><br>A edi\u00e7\u00e3o na qual a ag\u00eancia foi premiada ocorreu em Los Angeles. Este ano infelizmente a cerim\u00f4nia WINA foi cancelada em virtude da pandemia, mas houve a competi\u00e7\u00e3o normalmente com cerim\u00f4nia de entrega online, desta vez transmitida do M\u00e9xico.<br><\/p>\n\n\n\n<figure class=\"wp-block-gallery has-nested-images columns-default is-cropped wp-block-gallery-1 is-layout-flex wp-block-gallery-is-layout-flex\">\n<figure class=\"wp-block-image size-large\"><img decoding=\"async\" data-id=\"3537\" src=\"http:\/\/macneeds.com.br\/wp-content\/uploads\/2020\/07\/Buthers-freezers.jpg\" alt=\"\" class=\"wp-image-3537\"\/><\/figure>\n\n\n\n<figure class=\"wp-block-image size-large\"><img decoding=\"async\" data-id=\"3538\" src=\"http:\/\/macneeds.com.br\/wp-content\/uploads\/2020\/07\/Nilcatex-Video.jpg\" alt=\"\" class=\"wp-image-3538\"\/><\/figure>\n<\/figure>\n\n\n\n<p class=\"wp-block-paragraph\"><br>Entre mais de 1060 ag\u00eancias competidoras apenas 72 foram selecionadas para o shortlist e sendo a MacNeeds propaganda uma das poucas ag\u00eancias brasileiras a se classificar.<br><br>O pr\u00eamio tem repercuss\u00e3o mundial e levar\u00e1 as ag\u00eancias campe\u00e3s \u00e0 Dubai para participa\u00e7\u00e3o em encontro mundial da categoria.<br><br>As pe\u00e7as selecionadas foram a\u00e7\u00e3o de ponto de venda Ramalho Carnes e V\u00eddeo institucional de Endomarketing Nilcatex.<br><br>Agradecemos aos clientes e nos alegramos junto com eles por mais este t\u00edtulo internacional para a MacNeeds.<\/p>\n\n\n\n<figure class=\"wp-block-image size-large\"><img decoding=\"async\" src=\"http:\/\/macneeds.com.br\/wp-content\/uploads\/2020\/07\/Shortlist-WINA-Festival-2020.jpg\" alt=\"\" class=\"wp-image-3540\"\/><\/figure>\n\n\n\n<p class=\"wp-block-paragraph\"><\/p>\n","protected":false},"excerpt":{"rendered":"<p>Sa\u00edram os resultados de mais um Festival Internacional de Propaganda WINA, WINA,&nbsp;World Independent Advertising Awards, que re\u00fane ag\u00eancias dos 5<span class=\"excerpt-hellip\"> [\u2026]<\/span><\/p>\n","protected":false},"author":1,"featured_media":4195,"comment_status":"open","ping_status":"open","sticky":false,"template":"","format":"standard","meta":{"footnotes":""},"categories":[1],"tags":[],"class_list":["post-3528","post","type-post","status-publish","format-standard","has-post-thumbnail","hentry","category-blog"],"_links":{"self":[{"href":"https:\/\/macneeds.com.br\/site\/wp-json\/wp\/v2\/posts\/3528","targetHints":{"allow":["GET"]}}],"collection":[{"href":"https:\/\/macneeds.com.br\/site\/wp-json\/wp\/v2\/posts"}],"about":[{"href":"https:\/\/macneeds.com.br\/site\/wp-json\/wp\/v2\/types\/post"}],"author":[{"embeddable":true,"href":"https:\/\/macneeds.com.br\/site\/wp-json\/wp\/v2\/users\/1"}],"replies":[{"embeddable":true,"href":"https:\/\/macneeds.com.br\/site\/wp-json\/wp\/v2\/comments?post=3528"}],"version-history":[{"count":0,"href":"https:\/\/macneeds.com.br\/site\/wp-json\/wp\/v2\/posts\/3528\/revisions"}],"wp:featuredmedia":[{"embeddable":true,"href":"https:\/\/macneeds.com.br\/site\/wp-json\/wp\/v2\/media\/4195"}],"wp:attachment":[{"href":"https:\/\/macneeds.com.br\/site\/wp-json\/wp\/v2\/media?parent=3528"}],"wp:term":[{"taxonomy":"category","embeddable":true,"href":"https:\/\/macneeds.com.br\/site\/wp-json\/wp\/v2\/categories?post=3528"},{"taxonomy":"post_tag","embeddable":true,"href":"https:\/\/macneeds.com.br\/site\/wp-json\/wp\/v2\/tags?post=3528"}],"curies":[{"name":"wp","href":"https:\/\/api.w.org\/{rel}","templated":true}]}}