{"id":3583,"date":"2020-09-21T12:24:54","date_gmt":"2020-09-21T15:24:54","guid":{"rendered":"https:\/\/macneeds.com.br\/?p=3583"},"modified":"2023-05-03T15:26:09","modified_gmt":"2023-05-03T18:26:09","slug":"mais-uma-marca-nasce-na-macneeds","status":"publish","type":"post","link":"https:\/\/macneeds.com.br\/site\/2020\/09\/21\/mais-uma-marca-nasce-na-macneeds\/","title":{"rendered":"Mais uma marca nasce na MacNeeds"},"content":{"rendered":"<p>A MacNeeds propaganda agora cuida da conta Dra Elaine Keller \u2013 conceituada advogada especialista em direitos humanos digitais. Al\u00e9m da cria\u00e7\u00e3o da nova identidade visual da marca, a MacNeeds estruturou tamb\u00e9m as plataformas @ElaineKeller para divulgar assuntos t\u00e3o importantes e atuais como a recente Lei Geral de Prote\u00e7\u00e3o de Dados Pessoais, que acaba de entrar em vigor no Brasil.<\/p>\n<p>Em um ambiente onde tudo \u00e9 novo e muitas regras ainda n\u00e3o s\u00e3o claras para as empresas, o expertise de mais de 20 anos da Dra Elaine Keller fez dela a refer\u00eancia no segmento, tendo inclusive sido escolhida para ministrar aulas para a Tv Procon e entre muitas outras entrevistas e webinars.<\/p>\n<p>Conhe\u00e7a mais sobre a nova cliente MacNeeds e esse assunto t\u00e3o importante, nos canais elainekeller no instagram e youtube. Vamos deixar tamb\u00e9m nessa not\u00edcia o v\u00eddeo da live exclusiva do assunto de Prote\u00e7\u00e3o de Dados para fins publicit\u00e1rios, quem tem empresa precisa assistir!!!<\/p>\n<p>&nbsp;<\/p>\n<p style=\"text-align: center;\"><iframe src=\"https:\/\/www.youtube.com\/embed\/78PxZzjKLbY\" width=\"560\" height=\"315\" frameborder=\"0\" allowfullscreen=\"allowfullscreen\"><\/iframe><\/p>\n","protected":false},"excerpt":{"rendered":"<p>A MacNeeds propaganda agora cuida da conta Dra Elaine Keller \u2013 conceituada advogada especialista em direitos humanos digitais. Al\u00e9m da<span class=\"excerpt-hellip\"> [\u2026]<\/span><\/p>\n","protected":false},"author":1,"featured_media":4204,"comment_status":"open","ping_status":"open","sticky":false,"template":"","format":"standard","meta":{"footnotes":""},"categories":[1],"tags":[],"class_list":["post-3583","post","type-post","status-publish","format-standard","has-post-thumbnail","hentry","category-blog"],"_links":{"self":[{"href":"https:\/\/macneeds.com.br\/site\/wp-json\/wp\/v2\/posts\/3583","targetHints":{"allow":["GET"]}}],"collection":[{"href":"https:\/\/macneeds.com.br\/site\/wp-json\/wp\/v2\/posts"}],"about":[{"href":"https:\/\/macneeds.com.br\/site\/wp-json\/wp\/v2\/types\/post"}],"author":[{"embeddable":true,"href":"https:\/\/macneeds.com.br\/site\/wp-json\/wp\/v2\/users\/1"}],"replies":[{"embeddable":true,"href":"https:\/\/macneeds.com.br\/site\/wp-json\/wp\/v2\/comments?post=3583"}],"version-history":[{"count":0,"href":"https:\/\/macneeds.com.br\/site\/wp-json\/wp\/v2\/posts\/3583\/revisions"}],"wp:featuredmedia":[{"embeddable":true,"href":"https:\/\/macneeds.com.br\/site\/wp-json\/wp\/v2\/media\/4204"}],"wp:attachment":[{"href":"https:\/\/macneeds.com.br\/site\/wp-json\/wp\/v2\/media?parent=3583"}],"wp:term":[{"taxonomy":"category","embeddable":true,"href":"https:\/\/macneeds.com.br\/site\/wp-json\/wp\/v2\/categories?post=3583"},{"taxonomy":"post_tag","embeddable":true,"href":"https:\/\/macneeds.com.br\/site\/wp-json\/wp\/v2\/tags?post=3583"}],"curies":[{"name":"wp","href":"https:\/\/api.w.org\/{rel}","templated":true}]}}