{"id":3606,"date":"2020-10-13T11:16:44","date_gmt":"2020-10-13T14:16:44","guid":{"rendered":"https:\/\/macneeds.com.br\/?p=3606"},"modified":"2023-05-03T15:21:04","modified_gmt":"2023-05-03T18:21:04","slug":"vem-ai-double-doux","status":"publish","type":"post","link":"https:\/\/macneeds.com.br\/site\/2020\/10\/13\/vem-ai-double-doux\/","title":{"rendered":"Vem a\u00ed Double Doux"},"content":{"rendered":"<p style=\"text-align: center;\">Mais uma marca de sucesso vem a\u00ed. Com cria\u00e7\u00e3o de nome e identidade pela MacNeeds propaganda a marca Double Doux trar\u00e1 as cria\u00e7\u00f5es premiadas do chef Marco Siqueira, com d\u00e9cadas de experi\u00eancia internacional.<br \/>\nO nome foi criado misturando ingl\u00eas ( double) e franc\u00eas ( doux) para representar a experi\u00eancia internacional do chef e tamb\u00e9m criar um nome novo, exclusivo, dif\u00edcil de ser confundido com algum que j\u00e1 existisse.<br \/>\nJuntos querem dizer Doce em Dobre \u2013 uma vez que a empresa vai unir caf\u00e9 e confeitaria, e a especialidade da casa s\u00e3o os doces.<\/p>\n\n<p style=\"text-align: center;\">J\u00e1 est\u00e3o sendo feitos os pratos, testes e as lou\u00e7as com a marca nova e em breve estreia para o p\u00fablico, a come\u00e7ar com a unidade de S\u00e3o Paulo.<br \/>\nAguardem mais novidades da Double Doux, mais uma marca que est\u00e1 saindo do forno MacNeeds!<\/p>\n","protected":false},"excerpt":{"rendered":"<p>Mais uma marca de sucesso vem a\u00ed. Com cria\u00e7\u00e3o de nome e identidade pela MacNeeds propaganda a marca Double Doux<span class=\"excerpt-hellip\"> [\u2026]<\/span><\/p>\n","protected":false},"author":1,"featured_media":4121,"comment_status":"open","ping_status":"open","sticky":false,"template":"","format":"standard","meta":{"footnotes":""},"categories":[1],"tags":[],"class_list":["post-3606","post","type-post","status-publish","format-standard","has-post-thumbnail","hentry","category-blog"],"_links":{"self":[{"href":"https:\/\/macneeds.com.br\/site\/wp-json\/wp\/v2\/posts\/3606","targetHints":{"allow":["GET"]}}],"collection":[{"href":"https:\/\/macneeds.com.br\/site\/wp-json\/wp\/v2\/posts"}],"about":[{"href":"https:\/\/macneeds.com.br\/site\/wp-json\/wp\/v2\/types\/post"}],"author":[{"embeddable":true,"href":"https:\/\/macneeds.com.br\/site\/wp-json\/wp\/v2\/users\/1"}],"replies":[{"embeddable":true,"href":"https:\/\/macneeds.com.br\/site\/wp-json\/wp\/v2\/comments?post=3606"}],"version-history":[{"count":0,"href":"https:\/\/macneeds.com.br\/site\/wp-json\/wp\/v2\/posts\/3606\/revisions"}],"wp:featuredmedia":[{"embeddable":true,"href":"https:\/\/macneeds.com.br\/site\/wp-json\/wp\/v2\/media\/4121"}],"wp:attachment":[{"href":"https:\/\/macneeds.com.br\/site\/wp-json\/wp\/v2\/media?parent=3606"}],"wp:term":[{"taxonomy":"category","embeddable":true,"href":"https:\/\/macneeds.com.br\/site\/wp-json\/wp\/v2\/categories?post=3606"},{"taxonomy":"post_tag","embeddable":true,"href":"https:\/\/macneeds.com.br\/site\/wp-json\/wp\/v2\/tags?post=3606"}],"curies":[{"name":"wp","href":"https:\/\/api.w.org\/{rel}","templated":true}]}}