{"id":3624,"date":"2020-10-29T16:43:46","date_gmt":"2020-10-29T18:43:46","guid":{"rendered":"https:\/\/macneeds.com.br\/?p=3624"},"modified":"2023-05-03T15:20:10","modified_gmt":"2023-05-03T18:20:10","slug":"gestao-de-marca-pessoal","status":"publish","type":"post","link":"https:\/\/macneeds.com.br\/site\/2020\/10\/29\/gestao-de-marca-pessoal\/","title":{"rendered":"Gest\u00e3o de Marca Pessoal"},"content":{"rendered":"<p style=\"text-align: center;\">Gest\u00e3o de Marca Pessoal<\/p>\n<p style=\"text-align: center;\">Personal branding \u00e9 a gest\u00e3o da marca\/imagem de uma pessoal, posicionando-a de forma a explicitar o que ela tem a oferecer e trabalhar essa imagem.<\/p>\n<p style=\"text-align: center;\">Consciente ou inconscientemente, estamos sempre analisando as pessoas ao nosso redor e formando conceitos sobre elas em nossa mente, pelojeito que se vestem, falam, suas id\u00e9ias e jeitos enfim.<\/p>\n<p style=\"text-align: center;\">Ao estabelecer sua marca pessoal, vai come\u00e7ar a criar na mente das pessoas um direcionamento para esse conceito, que todo mundo acaba formando sobre tudo o que v\u00ea, vai ajudar a formatar o que as pessoas percebem de voc\u00ea.<\/p>\n<p style=\"text-align: center;\">No caso de muitos profissionais, eles mesmos como pessoas s\u00e3o o pr\u00f3prio &#8216; produto&#8217; a ser divulgado, ent\u00e3o nesses casos \u00e9 mais crucial ainda a gest\u00e3o da marca pessoal.<\/p>\n<p style=\"text-align: center;\">\u00c9 preciso definir como o profissional quer ser lembrado e quem \u00e9 a sua persona.<br \/>\nDescobrir se a sua identidade bate com a percep\u00e7\u00e3o que as pessoas t\u00eam dele e divulgar melhor o que precisa expor para estabelecer a imagem que quer de fato passar para o mundo.<\/p>\n<p style=\"text-align: center;\">Contar a hist\u00f3ria do profissional para agregar valor e gerar identifica\u00e7\u00e3o com as pessoas faz parte desse trabalho.<\/p>\n<p style=\"text-align: center;\">E por fim, n\u00e3o se deve jamais abafar a originalidade, aquilo que a pessoa \u00e9 da realidade.<br \/>\nN\u00e3o \u00e9 criar um personagem fict\u00edcio para vender, \u00e9 ser verdadeiro, trabalhar sua imagem sendo fiel \u00e0s suas cren\u00e7as e valores.<\/p>\n<p style=\"text-align: center;\">No exemplo dessa postagem segue o v\u00eddeo de Mario Sim\u00f5es &#8211; jogador nos Estados Unidos onde compilamos seus destaques da carreira em um v\u00eddeo. Ele come\u00e7ou bem e vai despontar!<\/p>\n<p style=\"text-align: center;\"><iframe src=\"https:\/\/www.youtube.com\/embed\/Jlh6SAc7LM8\" width=\"560\" height=\"315\" frameborder=\"0\" allowfullscreen=\"allowfullscreen\"><\/iframe><\/p>\n","protected":false},"excerpt":{"rendered":"<p>Gest\u00e3o de Marca Pessoal Personal branding \u00e9 a gest\u00e3o da marca\/imagem de uma pessoal, posicionando-a de forma a explicitar o<span class=\"excerpt-hellip\"> [\u2026]<\/span><\/p>\n","protected":false},"author":1,"featured_media":4123,"comment_status":"open","ping_status":"open","sticky":false,"template":"","format":"standard","meta":{"footnotes":""},"categories":[1],"tags":[],"class_list":["post-3624","post","type-post","status-publish","format-standard","has-post-thumbnail","hentry","category-blog"],"_links":{"self":[{"href":"https:\/\/macneeds.com.br\/site\/wp-json\/wp\/v2\/posts\/3624","targetHints":{"allow":["GET"]}}],"collection":[{"href":"https:\/\/macneeds.com.br\/site\/wp-json\/wp\/v2\/posts"}],"about":[{"href":"https:\/\/macneeds.com.br\/site\/wp-json\/wp\/v2\/types\/post"}],"author":[{"embeddable":true,"href":"https:\/\/macneeds.com.br\/site\/wp-json\/wp\/v2\/users\/1"}],"replies":[{"embeddable":true,"href":"https:\/\/macneeds.com.br\/site\/wp-json\/wp\/v2\/comments?post=3624"}],"version-history":[{"count":0,"href":"https:\/\/macneeds.com.br\/site\/wp-json\/wp\/v2\/posts\/3624\/revisions"}],"wp:featuredmedia":[{"embeddable":true,"href":"https:\/\/macneeds.com.br\/site\/wp-json\/wp\/v2\/media\/4123"}],"wp:attachment":[{"href":"https:\/\/macneeds.com.br\/site\/wp-json\/wp\/v2\/media?parent=3624"}],"wp:term":[{"taxonomy":"category","embeddable":true,"href":"https:\/\/macneeds.com.br\/site\/wp-json\/wp\/v2\/categories?post=3624"},{"taxonomy":"post_tag","embeddable":true,"href":"https:\/\/macneeds.com.br\/site\/wp-json\/wp\/v2\/tags?post=3624"}],"curies":[{"name":"wp","href":"https:\/\/api.w.org\/{rel}","templated":true}]}}