{"id":3785,"date":"2021-10-01T15:37:48","date_gmt":"2021-10-01T18:37:48","guid":{"rendered":"https:\/\/macneeds.com.br\/?p=3785"},"modified":"2023-05-03T15:08:49","modified_gmt":"2023-05-03T18:08:49","slug":"outubro-e-o-mes-de-aniversario-macneeds-propaganda","status":"publish","type":"post","link":"https:\/\/macneeds.com.br\/site\/2021\/10\/01\/outubro-e-o-mes-de-aniversario-macneeds-propaganda\/","title":{"rendered":"Outubro \u00e9 o m\u00eas de anivers\u00e1rio MacNeeds Propaganda"},"content":{"rendered":"<p>Oficialmente come\u00e7amos dia 10 de Outubro de 1994, sem imaginar at\u00e9 onde chegar\u00edamos e tudo que ir\u00edamos passar. De l\u00e1 pra c\u00e1 foram desafios e aventuras que come\u00e7aram na era pr\u00e9 internet, onde tudo era feito na m\u00e3o, enviado por fax e levado aos bureaus e m\u00eddias por motoboy nas madrugadas a fora&#8230; Tudo era mais dif\u00edcil e mais lento, o que deixava mais espa\u00e7o para a criatividade.<\/p>\n<p>Quando n\u00e3o existia o imediatismo de hoje e muito menos tecnologia, as empresas precisavam de fato ser criativas e inovadoras para conseguirem se destacar com a\u00e7\u00f5es diferenciadas. Se precis\u00e1vamos de uma imagem n\u00e3o havia outro jeito a n\u00e3o ser contratar modelo, loca\u00e7\u00e3o, equipe, fot\u00f3grafo ou produtoras de v\u00eddeo&#8230;<\/p>\n<p>Hoje o que as pessoas fazem direto do celular levava semanas para conseguir obter. Mas chega de falar dessas coisas&#8230; Hoje queremos registrar aqui o nosso agradecimento. Nossa imensa gratid\u00e3o por estarmos aqui firmes e fortes, em um cen\u00e1rio onde tantos colegas de profiss\u00e3o j\u00e1 fecharam as portas h\u00e1 muito tempo&#8230;<\/p>\n<p>N\u00e3o foi pela nossa capacidade que permanecemos e estamos indo rumo aos 30 anos de ag\u00eancia, mas exclusivamente pela miseric\u00f3rdia Daquele que nos sustenta todos os dias, nosso Pai Amado. Obrigado a cada cliente, colaborador, amigo e parceiro que ajudou a colocar um pedacinho nessa estrada da trajet\u00f3ria MacNeeds.<\/p>\n<p><strong>Que venham mais d\u00e9cadas por a\u00ed e possamos contribuir com cada empresa que nos procurar. Parab\u00e9ns a todos e a Deus toda a Gl\u00f3ria.<\/strong><\/p>\n","protected":false},"excerpt":{"rendered":"<p>Oficialmente come\u00e7amos dia 10 de Outubro de 1994, sem imaginar at\u00e9 onde chegar\u00edamos e tudo que ir\u00edamos passar. De l\u00e1<span class=\"excerpt-hellip\"> [\u2026]<\/span><\/p>\n","protected":false},"author":1,"featured_media":4104,"comment_status":"open","ping_status":"open","sticky":false,"template":"","format":"standard","meta":{"footnotes":""},"categories":[1],"tags":[],"class_list":["post-3785","post","type-post","status-publish","format-standard","has-post-thumbnail","hentry","category-blog"],"_links":{"self":[{"href":"https:\/\/macneeds.com.br\/site\/wp-json\/wp\/v2\/posts\/3785","targetHints":{"allow":["GET"]}}],"collection":[{"href":"https:\/\/macneeds.com.br\/site\/wp-json\/wp\/v2\/posts"}],"about":[{"href":"https:\/\/macneeds.com.br\/site\/wp-json\/wp\/v2\/types\/post"}],"author":[{"embeddable":true,"href":"https:\/\/macneeds.com.br\/site\/wp-json\/wp\/v2\/users\/1"}],"replies":[{"embeddable":true,"href":"https:\/\/macneeds.com.br\/site\/wp-json\/wp\/v2\/comments?post=3785"}],"version-history":[{"count":0,"href":"https:\/\/macneeds.com.br\/site\/wp-json\/wp\/v2\/posts\/3785\/revisions"}],"wp:featuredmedia":[{"embeddable":true,"href":"https:\/\/macneeds.com.br\/site\/wp-json\/wp\/v2\/media\/4104"}],"wp:attachment":[{"href":"https:\/\/macneeds.com.br\/site\/wp-json\/wp\/v2\/media?parent=3785"}],"wp:term":[{"taxonomy":"category","embeddable":true,"href":"https:\/\/macneeds.com.br\/site\/wp-json\/wp\/v2\/categories?post=3785"},{"taxonomy":"post_tag","embeddable":true,"href":"https:\/\/macneeds.com.br\/site\/wp-json\/wp\/v2\/tags?post=3785"}],"curies":[{"name":"wp","href":"https:\/\/api.w.org\/{rel}","templated":true}]}}