{"id":3798,"date":"2021-11-16T17:07:35","date_gmt":"2021-11-16T19:07:35","guid":{"rendered":"https:\/\/macneeds.com.br\/?p=3798"},"modified":"2023-05-16T11:45:44","modified_gmt":"2023-05-16T14:45:44","slug":"midia-social-para-empresas","status":"publish","type":"post","link":"https:\/\/macneeds.com.br\/site\/2021\/11\/16\/midia-social-para-empresas\/","title":{"rendered":"M\u00eddia Social para Empresas"},"content":{"rendered":"<p style=\"text-align: center;\">N\u00e3o \u00e9 mist\u00e9rio para ningu\u00e9m que as m\u00eddias sociais viraram a nova forma de comunica\u00e7\u00e3o das empresas com seus seguidores. Cada postagem tem o potencial de alcan\u00e7ar milhares de pessoas numa fra\u00e7\u00e3o de segundos e as divulga\u00e7\u00f5es viajam rapidamente pela rede se espalhando tamb\u00e9m pelos amigos dos amigos&#8230; e assim vai. Apesar de ter um forte apelo para as postagens pessoais&nbsp; do tipo \u2018\u2019 olha eu aqui tomando um vinho no restaurante chique\u2019\u2019 &nbsp;hoje estamos aqui para falar dos objetivos profissionais da utiliza\u00e7\u00e3o dessa ferramenta.<\/p>\n<p style=\"text-align: center;\">H\u00e1 alguns dias atr\u00e1s vimos o mercado entrar em p\u00e2nico quando o Instagram saiu do ar por algumas horas. Instabilidade no mercado, impacto nas vendas, milh\u00f5es de \u2018 dinheiros\u2019 perdidos ao redor do mundo. Isso j\u00e1 n\u00e3o acontece mais com as m\u00eddias tradicionais.&nbsp; Ningu\u00e9m repara se um canal da rede aberta de televis\u00e3o sair do ar, uma r\u00e1dio ou se um painel de outdoor cair. Assim vemos a import\u00e2ncia que as m\u00eddias sociais tomaram ao redor do mundo em seu uso profissional, diretamente ligado \u00e0 vendas.<\/p>\n<p style=\"text-align: center;\">Mesmo assim, todos os dias recebemos empresas que n\u00e3o est\u00e3o presentes nas m\u00eddias sociais e nunca sequer olharam para essa ferramenta. Hoje n\u00e3o \u00e9 mais quest\u00e3o de querer ou n\u00e3o, mas se mostrar presente nos meios onde as pessoas est\u00e3o. Seja com objetivos de venda direta de produtos ou apenas de divulga\u00e7\u00e3o institucional, deve fazer parte das rotinas das marcas acompanharem e se fazerem participantes desse di\u00e1logo direto que foi estabelecido com as pessoas. Isso demonstra que sua marca continua antenada, ligada no comportamento dos consumidores e que se adapta \u00e0s linguagens que eles est\u00e3o utilizando.<\/p>\n<p style=\"text-align: center;\">Atualize-se, sua marca deve ser viva e manter-se continuamente tocando o dia-a-dia de seus p\u00fablicos potenciais.<br \/>\n<strong>#ficaadica<\/strong><br \/>\nMacNeeds.<\/p>\n","protected":false},"excerpt":{"rendered":"<p>N\u00e3o \u00e9 mist\u00e9rio para ningu\u00e9m que as m\u00eddias sociais viraram a nova forma de comunica\u00e7\u00e3o das empresas com seus seguidores.<span class=\"excerpt-hellip\"> [\u2026]<\/span><\/p>\n","protected":false},"author":1,"featured_media":4106,"comment_status":"open","ping_status":"open","sticky":false,"template":"","format":"standard","meta":{"footnotes":""},"categories":[1],"tags":[],"class_list":["post-3798","post","type-post","status-publish","format-standard","has-post-thumbnail","hentry","category-blog"],"_links":{"self":[{"href":"https:\/\/macneeds.com.br\/site\/wp-json\/wp\/v2\/posts\/3798","targetHints":{"allow":["GET"]}}],"collection":[{"href":"https:\/\/macneeds.com.br\/site\/wp-json\/wp\/v2\/posts"}],"about":[{"href":"https:\/\/macneeds.com.br\/site\/wp-json\/wp\/v2\/types\/post"}],"author":[{"embeddable":true,"href":"https:\/\/macneeds.com.br\/site\/wp-json\/wp\/v2\/users\/1"}],"replies":[{"embeddable":true,"href":"https:\/\/macneeds.com.br\/site\/wp-json\/wp\/v2\/comments?post=3798"}],"version-history":[{"count":0,"href":"https:\/\/macneeds.com.br\/site\/wp-json\/wp\/v2\/posts\/3798\/revisions"}],"wp:featuredmedia":[{"embeddable":true,"href":"https:\/\/macneeds.com.br\/site\/wp-json\/wp\/v2\/media\/4106"}],"wp:attachment":[{"href":"https:\/\/macneeds.com.br\/site\/wp-json\/wp\/v2\/media?parent=3798"}],"wp:term":[{"taxonomy":"category","embeddable":true,"href":"https:\/\/macneeds.com.br\/site\/wp-json\/wp\/v2\/categories?post=3798"},{"taxonomy":"post_tag","embeddable":true,"href":"https:\/\/macneeds.com.br\/site\/wp-json\/wp\/v2\/tags?post=3798"}],"curies":[{"name":"wp","href":"https:\/\/api.w.org\/{rel}","templated":true}]}}