{"id":3827,"date":"2021-12-17T18:42:58","date_gmt":"2021-12-17T20:42:58","guid":{"rendered":"https:\/\/macneeds.com.br\/?p=3827"},"modified":"2023-05-16T11:45:44","modified_gmt":"2023-05-16T14:45:44","slug":"bom-recomeco","status":"publish","type":"post","link":"https:\/\/macneeds.com.br\/site\/2021\/12\/17\/bom-recomeco\/","title":{"rendered":"Bom recome\u00e7o!"},"content":{"rendered":"<p style=\"text-align: center;\">Dois anos de pandemia, confus\u00e3o e restri\u00e7\u00f5es pegaram todo mundo de surpresa.<br \/>\nMuitos n\u00e3o resistiram e vimos v\u00e1rias empresas deixarem de existir.<br \/>\nOutros se reinventaram e se tornaram ainda mais fortes&#8230;<br \/>\nQue nesse ano que chega todo mercado possa recuperar o tempo perdido e voltar ainda melhor aos neg\u00f3cios.<br \/>\nDesejamos a empresas, marcas e clientes um renovar das for\u00e7as e das esperan\u00e7as para recome\u00e7ar mais 365 dias com for\u00e7a e f\u00e9.<\/p>\n<p style=\"text-align: center;\">Estaremos aqui \u00e0 disposi\u00e7\u00e3o, ajudando a criar, construir e acompanhar sua marca em todas<br \/>\nas necessidades e desafios de comunica\u00e7\u00e3o que se apresentem.<\/p>\n<p style=\"text-align: center;\">Bom fim e bom recome\u00e7o a todos!<br \/>\nMacNeeds Propaganda.<\/p>\n","protected":false},"excerpt":{"rendered":"<p>Dois anos de pandemia, confus\u00e3o e restri\u00e7\u00f5es pegaram todo mundo de surpresa. Muitos n\u00e3o resistiram e vimos v\u00e1rias empresas deixarem<span class=\"excerpt-hellip\"> [\u2026]<\/span><\/p>\n","protected":false},"author":1,"featured_media":4072,"comment_status":"open","ping_status":"open","sticky":false,"template":"","format":"standard","meta":{"footnotes":""},"categories":[1],"tags":[],"class_list":["post-3827","post","type-post","status-publish","format-standard","has-post-thumbnail","hentry","category-blog"],"_links":{"self":[{"href":"https:\/\/macneeds.com.br\/site\/wp-json\/wp\/v2\/posts\/3827","targetHints":{"allow":["GET"]}}],"collection":[{"href":"https:\/\/macneeds.com.br\/site\/wp-json\/wp\/v2\/posts"}],"about":[{"href":"https:\/\/macneeds.com.br\/site\/wp-json\/wp\/v2\/types\/post"}],"author":[{"embeddable":true,"href":"https:\/\/macneeds.com.br\/site\/wp-json\/wp\/v2\/users\/1"}],"replies":[{"embeddable":true,"href":"https:\/\/macneeds.com.br\/site\/wp-json\/wp\/v2\/comments?post=3827"}],"version-history":[{"count":0,"href":"https:\/\/macneeds.com.br\/site\/wp-json\/wp\/v2\/posts\/3827\/revisions"}],"wp:featuredmedia":[{"embeddable":true,"href":"https:\/\/macneeds.com.br\/site\/wp-json\/wp\/v2\/media\/4072"}],"wp:attachment":[{"href":"https:\/\/macneeds.com.br\/site\/wp-json\/wp\/v2\/media?parent=3827"}],"wp:term":[{"taxonomy":"category","embeddable":true,"href":"https:\/\/macneeds.com.br\/site\/wp-json\/wp\/v2\/categories?post=3827"},{"taxonomy":"post_tag","embeddable":true,"href":"https:\/\/macneeds.com.br\/site\/wp-json\/wp\/v2\/tags?post=3827"}],"curies":[{"name":"wp","href":"https:\/\/api.w.org\/{rel}","templated":true}]}}