{"id":3933,"date":"2022-10-10T15:04:15","date_gmt":"2022-10-10T18:04:15","guid":{"rendered":"https:\/\/macneeds.com.br\/?p=3933"},"modified":"2023-05-16T11:45:43","modified_gmt":"2023-05-16T14:45:43","slug":"28-anos-de-macneeds-propaganda","status":"publish","type":"post","link":"https:\/\/macneeds.com.br\/site\/2022\/10\/10\/28-anos-de-macneeds-propaganda\/","title":{"rendered":"28 Anos de MacNeeds Propaganda"},"content":{"rendered":"<p style=\"text-align: center;\">\n<p style=\"text-align: center;\">Hoje completamos 28 anos de estrada.<\/p>\n<p style=\"text-align: center;\">N\u00e3o foram poucos os quebra-molas, nem pequenas as subidas&#8230; Como disse Cristo: quem bota a m\u00e3o no arado n\u00e3o deve ficar olhando para tr\u00e1s (Lucas 9:62).<br \/>\nPor isso, hoje n\u00e3o vamos falar dos desvios, nem das tempestades que enfrentamos (assim como a maioria das empresas no Brasil tamb\u00e9m enfrenta), mas vamos aproveitar a ocasi\u00e3o para destacar algumas das empresas que marcaram nossa travessia at\u00e9 aqui.<\/p>\n<p style=\"text-align: center;\">Tivemos v\u00e1rias sedes durante esses 28 anos, e cada uma teve sua import\u00e2ncia, sua fase. Assim, dividimos os destaques por &#8221;posto de parada&#8221;. Fica ent\u00e3o aqui o di\u00e1rio de bordo MacNeeds &#8211; trajeto 2022:<\/p>\n<p><center><\/center><center><iframe title=\"Highlights - 28 Years MacNeeds Advertising\" src=\"https:\/\/player.vimeo.com\/video\/758822298?h=56323bdf11&amp;badge=0&amp;autopause=0&amp;player_id=0&amp;app_id=58479\" width=\"650\" height=\"650\" frameborder=\"0\" allowfullscreen=\"allowfullscreen\"><span data-mce-type=\"bookmark\" style=\"display: inline-block; width: 0px; overflow: hidden; line-height: 0;\" class=\"mce_SELRES_start\">\ufeff<\/span><\/iframe><\/center><center><\/center><center><strong>1994 &#8211; Primeira sede &#8211; S\u00e3o Quirino &#8211; Campinas<\/strong><br \/>\nOnde tudo come\u00e7ou. Batendo de porta em porta e oferecendo servi\u00e7o&#8230; Os clientes que primeiro abriram as portas para n\u00f3s foram Rede de Supermercados Soares, Galeria Flamboyant, Tag Service &#8211; autorizada Bosch, Rede Beira Rio, Clube fonte S\u00e3o Paulo &#8211; entre outros.<\/center><\/p>\n<p style=\"text-align: center;\"><strong>1998 &#8211; Sede Av. Nossa Sra de F\u00e1tima<\/strong><br \/>\nAqui pela primeira vez com fachada aberta para a rua. Muita gente passou por aqui e marcou hist\u00f3ria. Seria imposs\u00edvel registrar tudo. 100%v\u00eddeo, Natus, Caf\u00e9 Cancun, Botic\u00e1rio, Klimes e at\u00e9 nomes como Dermocl\u00ednica e Itapegrass que permanecem conosco at\u00e9 os dias de hoje, s\u00e3o algumas das marcas que destacamos aqui.<\/p>\n<p style=\"text-align: center;\"><strong>2004 &#8211; Sede Av. Brasil<\/strong><br \/>\nAqui recebemos nomes como Marcia Mello, Camila Dutra, Polo Arqdec, One Day Clinic, Shoulder, Lauzi e outras grandes marcas e pr\u00eamios. Crescemos tanto que tivemos que achar um local maior. Foi um turbilh\u00e3o&#8230;<\/p>\n<p style=\"text-align: center;\"><strong>2007 &#8211; Sede Castelo<\/strong><br \/>\nA amplia\u00e7\u00e3o trouxe uma equipe fenomenal e ajudou a atrair marcas como Riachuelo, Claro, NET, Pfizer, Casp, Selectapet, Adere, e Cia das Ervas, al\u00e9m de pr\u00eamios diversos.<\/p>\n<p style=\"text-align: center;\"><strong>2011 a 2022<\/strong><\/p>\n<p style=\"text-align: center;\">Aqui na regi\u00e3o do Taquaral em Campinas se juntaram a n\u00f3s marcas como Joe &amp; Leos, Nilcatex, Prime Italian, Ponte Preta, Nikkei, For Rental , Ceasa, Crimper, Mimi e as internacionais Florida Crushers, BR store, KA Personal, TBA New York e muitas outras.<\/p>\n<p style=\"text-align: center;\">Mesmo depois de altos e baixos, diversos governos, crises e at\u00e9 pandemia, o Senhor tem nos preservado. Ainda pretendemos contribuir muito com cada colega empres\u00e1rio que vem viajar conosco.<\/p>\n<p style=\"text-align: center;\">Gratid\u00e3o a todos!<\/p>\n<p style=\"text-align: center;\">\n","protected":false},"excerpt":{"rendered":"<p>Hoje completamos 28 anos de estrada. N\u00e3o foram poucos os quebra-molas, nem pequenas as subidas&#8230; Como disse Cristo: quem bota<span class=\"excerpt-hellip\"> [\u2026]<\/span><\/p>\n","protected":false},"author":1,"featured_media":4052,"comment_status":"open","ping_status":"open","sticky":false,"template":"","format":"standard","meta":{"footnotes":""},"categories":[1],"tags":[],"class_list":["post-3933","post","type-post","status-publish","format-standard","has-post-thumbnail","hentry","category-blog"],"_links":{"self":[{"href":"https:\/\/macneeds.com.br\/site\/wp-json\/wp\/v2\/posts\/3933","targetHints":{"allow":["GET"]}}],"collection":[{"href":"https:\/\/macneeds.com.br\/site\/wp-json\/wp\/v2\/posts"}],"about":[{"href":"https:\/\/macneeds.com.br\/site\/wp-json\/wp\/v2\/types\/post"}],"author":[{"embeddable":true,"href":"https:\/\/macneeds.com.br\/site\/wp-json\/wp\/v2\/users\/1"}],"replies":[{"embeddable":true,"href":"https:\/\/macneeds.com.br\/site\/wp-json\/wp\/v2\/comments?post=3933"}],"version-history":[{"count":0,"href":"https:\/\/macneeds.com.br\/site\/wp-json\/wp\/v2\/posts\/3933\/revisions"}],"wp:featuredmedia":[{"embeddable":true,"href":"https:\/\/macneeds.com.br\/site\/wp-json\/wp\/v2\/media\/4052"}],"wp:attachment":[{"href":"https:\/\/macneeds.com.br\/site\/wp-json\/wp\/v2\/media?parent=3933"}],"wp:term":[{"taxonomy":"category","embeddable":true,"href":"https:\/\/macneeds.com.br\/site\/wp-json\/wp\/v2\/categories?post=3933"},{"taxonomy":"post_tag","embeddable":true,"href":"https:\/\/macneeds.com.br\/site\/wp-json\/wp\/v2\/tags?post=3933"}],"curies":[{"name":"wp","href":"https:\/\/api.w.org\/{rel}","templated":true}]}}