{"id":3958,"date":"2023-01-11T16:32:21","date_gmt":"2023-01-11T18:32:21","guid":{"rendered":"https:\/\/macneeds.com.br\/?p=3958"},"modified":"2023-05-16T11:45:43","modified_gmt":"2023-05-16T14:45:43","slug":"cliente-macneeds-cresce-275-em-12-meses","status":"publish","type":"post","link":"https:\/\/macneeds.com.br\/site\/2023\/01\/11\/cliente-macneeds-cresce-275-em-12-meses\/","title":{"rendered":"Cliente MacNeeds cresce 275% em 12 meses!"},"content":{"rendered":"<p style=\"text-align: center;\">Cliente MacNeeds &#8211; For Rental Aluguel de equipamentos Abre 7 novas unidades. Um crescimento recorde e que s\u00f3 tende a continuar cada vez mais forte! Boa dica para quem quer investir em ter uma franquia campe\u00e3!<\/p>\n<p style=\"text-align: center;\">No per\u00edodo de um ano o cliente cresceu 275%, passando de 4 para 11 unidades e j\u00e1 come\u00e7ando 2023 com novas prospec\u00e7\u00f5es.<\/p>\n<p><center><iframe title=\"YouTube video player\" src=\"https:\/\/www.youtube.com\/embed\/JXJ8ELrcQbc\" width=\"560\" height=\"315\" frameborder=\"0\" allowfullscreen=\"allowfullscreen\"><\/iframe><\/center><\/p>\n<p style=\"text-align: center;\">Um trabalho coordenado, iniciado em Fortaleza com a primeira unidade, cria\u00e7\u00e3o da marca, comunica\u00e7\u00e3o visual, mascote, campanhas e formata\u00e7\u00e3o de franquia.<\/p>\n<p style=\"text-align: center;\">Sob a tutela do empres\u00e1rio Daniel Rodrigues de Souza e sua equipe, a marca nasceu profissionalizada, e junto com a MacNeeds propaganda, prepara-se para comportar uma quantidade grande de novos franqueados, com a automatiza\u00e7\u00e3o de uma plataforma exclusiva criada para eles.<\/p>\n","protected":false},"excerpt":{"rendered":"<p>Cliente MacNeeds &#8211; For Rental Aluguel de equipamentos Abre 7 novas unidades. Um crescimento recorde e que s\u00f3 tende a<span class=\"excerpt-hellip\"> [\u2026]<\/span><\/p>\n","protected":false},"author":1,"featured_media":4023,"comment_status":"open","ping_status":"open","sticky":false,"template":"","format":"standard","meta":{"footnotes":""},"categories":[1],"tags":[],"class_list":["post-3958","post","type-post","status-publish","format-standard","has-post-thumbnail","hentry","category-blog"],"_links":{"self":[{"href":"https:\/\/macneeds.com.br\/site\/wp-json\/wp\/v2\/posts\/3958","targetHints":{"allow":["GET"]}}],"collection":[{"href":"https:\/\/macneeds.com.br\/site\/wp-json\/wp\/v2\/posts"}],"about":[{"href":"https:\/\/macneeds.com.br\/site\/wp-json\/wp\/v2\/types\/post"}],"author":[{"embeddable":true,"href":"https:\/\/macneeds.com.br\/site\/wp-json\/wp\/v2\/users\/1"}],"replies":[{"embeddable":true,"href":"https:\/\/macneeds.com.br\/site\/wp-json\/wp\/v2\/comments?post=3958"}],"version-history":[{"count":0,"href":"https:\/\/macneeds.com.br\/site\/wp-json\/wp\/v2\/posts\/3958\/revisions"}],"wp:featuredmedia":[{"embeddable":true,"href":"https:\/\/macneeds.com.br\/site\/wp-json\/wp\/v2\/media\/4023"}],"wp:attachment":[{"href":"https:\/\/macneeds.com.br\/site\/wp-json\/wp\/v2\/media?parent=3958"}],"wp:term":[{"taxonomy":"category","embeddable":true,"href":"https:\/\/macneeds.com.br\/site\/wp-json\/wp\/v2\/categories?post=3958"},{"taxonomy":"post_tag","embeddable":true,"href":"https:\/\/macneeds.com.br\/site\/wp-json\/wp\/v2\/tags?post=3958"}],"curies":[{"name":"wp","href":"https:\/\/api.w.org\/{rel}","templated":true}]}}